{"id":93634,"date":"2020-07-26T09:30:15","date_gmt":"2020-07-26T13:30:15","guid":{"rendered":"https:\/\/linitiative.ca\/International\/vocabulaire-de-la-sante-une-nouvelle-publication-qui-sadresse-aux-professionnels-de-la-sante%ef%bb%bf\/"},"modified":"2020-07-26T09:30:15","modified_gmt":"2020-07-26T13:30:15","slug":"vocabulaire-de-la-sante-une-nouvelle-publication-qui-sadresse-aux-professionnels-de-la-sante%ef%bb%bf","status":"publish","type":"post","link":"https:\/\/linitiative.ca\/International\/vocabulaire-de-la-sante-une-nouvelle-publication-qui-sadresse-aux-professionnels-de-la-sante%ef%bb%bf\/","title":{"rendered":"\u00abVocabulaire de la sant\u00e9\u00bb, une nouvelle publication qui s\u2019adresse aux professionnels de la sant\u00e9\ufeff"},"content":{"rendered":"<p class=\"has-text-color has-vivid-red-color c2\"><strong>Trois questions au chercheur-linguiste \u00e0 l\u2019Ircam, Hassan Akioud<\/strong><\/p>\n<p class=\"c3\"><strong>Propos recueillis par Moha Moukhlis<\/strong><\/p>\n<div class=\"wp-block-image\"><img decoding=\"async\" src=\"http:\/\/albayane.press.ma\/wp-content\/uploads\/ventre14-3.jpg\" alt=\"\" class=\"wp-image-93399\"\/><\/div>\n<p class=\"has-text-color c4\"><strong>Hassan Akioud, chercheur-linguiste \u00e0 l\u2019IRCAM,\u00a0 est l\u2019un des auteurs du \u00abVocabulaire de la sant\u00e9\u00bb. Selon lui, cette nouvelle publication consiste en la mise \u00e0 disposition de l\u2019usage potentiel d\u2019un vocabulaire relatif au domaine de la sant\u00e9 et \u00e0 l\u2019enrichissement lexical de la langue et sa mise \u00e0 niveau. Apr\u00e8s le Vocabulaire de la sant\u00e9, corps humain et maladies et tenant compte de la situation sanitaire que traverse le Maroc et le Monde entier provoqu\u00e9e par la pand\u00e9mie du nouveau\u00a0 coronavirus covid-19, le CAL est en train de finaliser l\u2019\u00e9laboration d\u2019un vocabulaire sur le Covid-19, pr\u00e9cise le chercheur.<\/strong><\/p>\n<p><strong>Le Centre de l\u2019Am\u00e9nagement Linguistique (IRCAM) vient de publier un \u00ab<em>Vocabulaire de la sant\u00e9<\/em>\u00bb, \u00e0 quels besoins r\u00e9pond cet ouvrage?<\/strong><\/p>\n<p><strong>Hassan AKIOUD\u00a0<\/strong><strong>:<\/strong> L\u2019objectif principal du \u00abVocabulaire de la sant\u00e9\u00a0\u00bb consiste en la mise \u00e0 disposition de l\u2019usager potentiel d\u2019un vocabulaire relatif au domaine de la sant\u00e9 et \u00e0 l\u2019enrichissement lexical de la langue et sa mise \u00e0 niveau. Il s\u2019inscrit dans le domaine des lexiques sectoriels que le CAL produit dans le cadre de la modernisation et l\u2019enrichissement de la lexicographie amazighe achemin\u00e9 par le centre depuis plus d\u2019une d\u00e9cennie. Bien que le \u00abVocabulaire de la sant\u00e9\u00bb contienne fondamentalement des unit\u00e9s lexicales de la langue commune, il regroupe aussi un nombre important de lexies nouvelles qui rel\u00e8vent d\u2019un lexique peu ou tr\u00e8s sp\u00e9cialis\u00e9. Il vise un double objectif\u00a0: d\u2019un c\u00f4t\u00e9, la mise \u00e0 disposition de l\u2019usager potentiel d\u2019un vocabulaire relatif au domaine de la sant\u00e9, de l\u2019autre, l\u2019enrichissement lexical de la langue et sa mise \u00e0 niveau.\u00a0 Le vocabulaire s\u2019adresse aux professionnels de la sant\u00e9 ainsi qu\u2019\u00e0 l\u2019enseignant, \u00e0 l\u2019\u00e9crivain, au traducteur et \u00e0 toute personne int\u00e9ress\u00e9e par le lexique du domaine en question.<\/p>\n<p><strong>Quelle est la m\u00e9thode adopt\u00e9e en mati\u00e8re d\u2019am\u00e9nagement de l\u2019amazighe?<\/strong><\/p>\n<p>La m\u00e9thodologie adopt\u00e9e reprend les principes de base du travail lexicographique et terminologique du CAL, \u00e0 savoir une approche int\u00e9grative des diff\u00e9rentes vari\u00e9t\u00e9s o\u00f9 les diff\u00e9rences lexicales sont trait\u00e9es comme des formes concurrentes (synonymes). Cette approche permet de garantir au maximum la repr\u00e9sentativit\u00e9 des diff\u00e9rentes variantes r\u00e9gionales de la langue amazighe, sa richesse et sa vitalit\u00e9.<\/p>\n<p>Le vocabulaire est quadrilingue amazighe-arabe-fran\u00e7ais-anglais. L\u2019amazighe est la langue source, les autres langues (arabe, fran\u00e7ais et anglais) sont fournies comme des \u00e9quivalents.\u00a0 La nomenclature, de 1296 entr\u00e9es principales et 420 syntagmes class\u00e9s sous l\u2019entr\u00e9e-vedette, a \u00e9t\u00e9 \u00e9tablie d\u2019abord, \u00e0 partir de la collecte du lexique existant et a \u00e9t\u00e9 compl\u00e9t\u00e9e, ensuite, par l\u2019\u00e9laboration de la terminologie sp\u00e9cifique qui vient combler les lacunes lexicales ou terminologiques relev\u00e9es.<\/p>\n<p><strong>Quels sont les projets prochains du centre?<\/strong><\/p>\n<p>Le CAL r\u00e9alise des travaux sur le lexique de sp\u00e9cialit\u00e9 dont l\u2019objectif est d\u2019enrichir, revitaliser et moderniser l\u2019amazighe, d\u2019outiller la langue avec des nouvelles ressources lexicales et terminologiques n\u00e9cessaires afin de garantir la communication en amazighe dans diff\u00e9rents domaines de la vie moderne.<\/p>\n<p>Apr\u00e8s le <em>Vocabulaire de la sant\u00e9, corps humain et maladies<\/em> et tenant compte de la situation sanitaire que traverse le Maroc et le Monde entier provoqu\u00e9e par la pand\u00e9mie du Coronavirus, le CAL est en train de finaliser l\u2019\u00e9laboration d\u2019un <em>vocabulaire sur le Covid-19<\/em>.<\/p>\n<p>Le CAL a \u00e9galement \u00e9labor\u00e9 le <em>Vocabulaire du climat et les ph\u00e9nom\u00e8nes m\u00e9t\u00e9orologiques<\/em> et le <em>Vocabulaire des reliefs<\/em> dont la publication est pr\u00e9vue pour la fin de cette ann\u00e9e.<\/p>\n<p>Le CAL travaille aussi sur la nouvelle version, r\u00e9vis\u00e9e et augment\u00e9e du <em>Dictionnaire General de la langue amazighe<\/em> <em>(DGLA)<\/em> <em>amazighe-arabe-fran\u00e7ais<\/em> publi\u00e9 par le centre en 2017, avec deux versions amazighe- anglais et amazighe-espagnol, publi\u00e9es en 2019 et en 2020 respectivement.<\/p>\n<p>Auteur: M&rsquo;hammed rahal<br \/>\n<a href=\"http:\/\/albayane.press.ma\/vocabulaire-de-la-sante-une-nouvelle-publication-qui-sadresse-aux-professionnels-de-la-sante%EF%BB%BF.html\">Cliquez ici pour lire l&rsquo;article depuis sa source.<\/a><\/p>\n","protected":false},"excerpt":{"rendered":"<p>Trois questions au chercheur-linguiste \u00e0 l\u2019Ircam, Hassan Akioud Propos recueillis par Moha Moukhlis Hassan Akioud, chercheur-linguiste \u00e0 l\u2019IRCAM,\u00a0 est l\u2019un des auteurs du \u00abVocabulaire de la sant\u00e9\u00bb. Selon lui, cette nouvelle publication consiste en la mise \u00e0 disposition de l\u2019usage potentiel d\u2019un vocabulaire relatif au domaine de la sant\u00e9 et \u00e0 l\u2019enrichissement lexical de la [&hellip;]<\/p>\n","protected":false},"author":1760,"featured_media":93635,"comment_status":"closed","ping_status":"closed","sticky":false,"template":"","format":"standard","meta":{"fifu_image_url":"","fifu_image_alt":"","footnotes":""},"categories":[73,54],"tags":[],"class_list":["post-93634","post","type-post","status-publish","format-standard","has-post-thumbnail","hentry","category-actualite","category-maroc"],"_links":{"self":[{"href":"https:\/\/linitiative.ca\/International\/wp-json\/wp\/v2\/posts\/93634","targetHints":{"allow":["GET"]}}],"collection":[{"href":"https:\/\/linitiative.ca\/International\/wp-json\/wp\/v2\/posts"}],"about":[{"href":"https:\/\/linitiative.ca\/International\/wp-json\/wp\/v2\/types\/post"}],"author":[{"embeddable":true,"href":"https:\/\/linitiative.ca\/International\/wp-json\/wp\/v2\/users\/1760"}],"replies":[{"embeddable":true,"href":"https:\/\/linitiative.ca\/International\/wp-json\/wp\/v2\/comments?post=93634"}],"version-history":[{"count":0,"href":"https:\/\/linitiative.ca\/International\/wp-json\/wp\/v2\/posts\/93634\/revisions"}],"wp:featuredmedia":[{"embeddable":true,"href":"https:\/\/linitiative.ca\/International\/wp-json\/"}],"wp:attachment":[{"href":"https:\/\/linitiative.ca\/International\/wp-json\/wp\/v2\/media?parent=93634"}],"wp:term":[{"taxonomy":"category","embeddable":true,"href":"https:\/\/linitiative.ca\/International\/wp-json\/wp\/v2\/categories?post=93634"},{"taxonomy":"post_tag","embeddable":true,"href":"https:\/\/linitiative.ca\/International\/wp-json\/wp\/v2\/tags?post=93634"}],"curies":[{"name":"wp","href":"https:\/\/api.w.org\/{rel}","templated":true}]}}