{"id":93637,"date":"2020-07-26T09:37:17","date_gmt":"2020-07-26T13:37:17","guid":{"rendered":"https:\/\/linitiative.ca\/International\/raviver-laerien-national\/"},"modified":"2020-07-26T09:37:17","modified_gmt":"2020-07-26T13:37:17","slug":"raviver-laerien-national","status":"publish","type":"post","link":"https:\/\/linitiative.ca\/International\/raviver-laerien-national\/","title":{"rendered":"Raviver l\u2019a\u00e9rien national !"},"content":{"rendered":"<p class=\"has-text-color c2\"><strong>Aujourd\u2019hui, c\u2019est un illustre commis de l\u2019Etat qui confie son sentiment fr\u00f4lant le ressentiment, mais savamment velout\u00e9 d\u2019espoir, envers le transporteur a\u00e9rien national.<\/strong><\/p>\n<p>Le vieux routier des affaires publiques nationales, Driss Benhima, en connaissance de cause, ne se brouille gu\u00e8re les p\u00e9dales pour faire tomber son verdict, sans fioriture ni d\u00e9robade. Il est question, \u00e0 croire sa plaidoirie pour une sortie de crise, de relancer la machine, par le biais de trois pistes salvatrices. Il y a lieu de reconna\u00eetre, en premier lieu, l\u2019impact capital que la pand\u00e9mie a fait subir au secteur, partout dans le monde.<\/p>\n<p>La seconde vague ne fait qu\u2019empirer ces derniers temps dont les r\u00e9percussions accablent davantage son d\u00e9collage. On s\u2019y attendait et adaptait l\u2019\u00e9volution de l\u2019a\u00e9rien \u00e0 cette nouvelle conjoncture, \u00e0 travers des mesures m\u00fbrement mises en fonction.<\/p>\n<p>Dans notre pays, l\u2019Etat s\u2019y met \u00e9galement, par le truchement des d\u00e9cisions qui paraissent drastiques et caduques. On proc\u00e8de au licenciement syst\u00e9matique de 750 salari\u00e9s dont 150 pilotes et au rel\u00e8vement par la bagatelle de 6 milliards de dirhams. Un effort non n\u00e9gligeable qui permettrait, sans doute, \u00e0 lui insuffler des bouff\u00e9es d\u2019oxyg\u00e8ne, en ces moments de souffrance.<\/p>\n<p>A cet \u00e9gard, on ne saurait passer sous silence les services loyaux que la compagnie rend, tout au long de son parcours sur le ciel universel, dans un \u00e9lan comp\u00e9titif acharn\u00e9. Il importe donc de poursuivre cet entrain ascendant, men\u00e9 avec c\u0153ur par les multiples d\u00e9cideurs dont, en fait, Driss Benhima vient de faire part d\u2019une r\u00e9flexion illumin\u00e9e du grand chevronn\u00e9 en la mati\u00e8re.<\/p>\n<p>Dans un souci ardent de pr\u00e9server le label national de la compagnie dont le symbole incarne la fiert\u00e9 et l\u2019exception marocaines, il y a des lustres, il \u00e9panche trois scenarii, en vue de pr\u00e9tendre \u00e0 la d\u00e9livrance p\u00e9renne, sans saupoudrage ni t\u00e2tonnement. Le premier consiste \u00e0 appuyer la compagnie a\u00e9rienne d\u2019une mani\u00e8re consistante, par l\u2019interm\u00e9diaire pas uniquement en accordant des fonds mais aussi, en att\u00e9nuant la vanne fiscale afin d\u2019absorber les charges suffocantes.<\/p>\n<p>La seconde suggestion met l\u2019\u00e9clairage sur une solution non sans pertinence, au sujet de laquelle il serait souhaitable de se transformer en soci\u00e9t\u00e9 \u00e0 bas co\u00fbt, de nature \u00e0 s\u2019attribuer un afflux accru sur le march\u00e9 mondial, \u00e0 l\u2019instar d\u2019une nu\u00e9e de compagnies a\u00e9riennes de la plan\u00e8te.<\/p>\n<p>La derni\u00e8re alternative qui aurait l\u2019air de se soustraire pour de bon, au malaise de chronicit\u00e9 d\u00e9concertante. En effet, tel que tent\u00e9, un peu partout dans les quatre coins du globe, l\u2019aviation essaie constamment de faire sa mue pour se remettre en question et se ressaisir, en conformit\u00e9 avec la mutation profonde qui s\u2019emploie dans le monde de l\u2019a\u00e9rien.<\/p>\n<p>Pour l\u2019ancien PDG de la compagnie, en entrevue avec la chambre fran\u00e7aise de commerce au Maroc, il serait naturel d\u2019op\u00e9rer \u00absa vente\u00bb, tout en concluant le d\u00e9p\u00f4t de bilan, la solde des salari\u00e9s et surtout la pr\u00e9servation de l\u2019enseigne royale, frapp\u00e9e des couleurs nationales. Une action citoyenne dont le Souverain serait l\u2019Artisan de Haute Sollicitude.<\/p>\n<p>On continuerait donc \u00e0 honorer la Nation, \u00e0 l\u2019empreinte notoire des responsables au renom confirm\u00e9, pareil \u00e0 ce qui se passe dans des entreprises similaires en faillite qui, ipso facto, se lancent \u00e0 des essais de redressement radical. C\u2019est en tout cas, ce que pense un connaisseur av\u00e9r\u00e9 de la trempe de Driss Benhima qui n\u2019est point n\u2019importe qui dans le domaine.<\/p>\n<p>Auteur: M&rsquo;hammed rahal<br \/>\n<a href=\"http:\/\/albayane.press.ma\/raviver-laerien-national.html\">Cliquez ici pour lire l&rsquo;article depuis sa source.<\/a><\/p>\n","protected":false},"excerpt":{"rendered":"<p>Aujourd\u2019hui, c\u2019est un illustre commis de l\u2019Etat qui confie son sentiment fr\u00f4lant le ressentiment, mais savamment velout\u00e9 d\u2019espoir, envers le transporteur a\u00e9rien national. Le vieux routier des affaires publiques nationales, Driss Benhima, en connaissance de cause, ne se brouille gu\u00e8re les p\u00e9dales pour faire tomber son verdict, sans fioriture ni d\u00e9robade. Il est question, \u00e0 [&hellip;]<\/p>\n","protected":false},"author":1760,"featured_media":0,"comment_status":"closed","ping_status":"closed","sticky":false,"template":"","format":"standard","meta":{"fifu_image_url":"","fifu_image_alt":"","footnotes":""},"categories":[73,54],"tags":[],"class_list":["post-93637","post","type-post","status-publish","format-standard","hentry","category-actualite","category-maroc"],"_links":{"self":[{"href":"https:\/\/linitiative.ca\/International\/wp-json\/wp\/v2\/posts\/93637","targetHints":{"allow":["GET"]}}],"collection":[{"href":"https:\/\/linitiative.ca\/International\/wp-json\/wp\/v2\/posts"}],"about":[{"href":"https:\/\/linitiative.ca\/International\/wp-json\/wp\/v2\/types\/post"}],"author":[{"embeddable":true,"href":"https:\/\/linitiative.ca\/International\/wp-json\/wp\/v2\/users\/1760"}],"replies":[{"embeddable":true,"href":"https:\/\/linitiative.ca\/International\/wp-json\/wp\/v2\/comments?post=93637"}],"version-history":[{"count":0,"href":"https:\/\/linitiative.ca\/International\/wp-json\/wp\/v2\/posts\/93637\/revisions"}],"wp:attachment":[{"href":"https:\/\/linitiative.ca\/International\/wp-json\/wp\/v2\/media?parent=93637"}],"wp:term":[{"taxonomy":"category","embeddable":true,"href":"https:\/\/linitiative.ca\/International\/wp-json\/wp\/v2\/categories?post=93637"},{"taxonomy":"post_tag","embeddable":true,"href":"https:\/\/linitiative.ca\/International\/wp-json\/wp\/v2\/tags?post=93637"}],"curies":[{"name":"wp","href":"https:\/\/api.w.org\/{rel}","templated":true}]}}