{"id":93646,"date":"2020-07-26T09:54:04","date_gmt":"2020-07-26T13:54:04","guid":{"rendered":"https:\/\/linitiative.ca\/International\/biskra-rapatriement-de-122-ressortissants-algeriens-bloques-au-sultanat-doman\/"},"modified":"2020-07-26T09:54:04","modified_gmt":"2020-07-26T13:54:04","slug":"biskra-rapatriement-de-122-ressortissants-algeriens-bloques-au-sultanat-doman","status":"publish","type":"post","link":"https:\/\/linitiative.ca\/International\/biskra-rapatriement-de-122-ressortissants-algeriens-bloques-au-sultanat-doman\/","title":{"rendered":"Biskra : rapatriement de 122 ressortissants alg\u00e9riens bloqu\u00e9s au Sultanat d\u2019Oman"},"content":{"rendered":"<p><span class=\"sp-nh-title\">Afrique Asie: Rabat franchit un pas inqualifiable dans ses attaques contre l&rsquo;Alg\u00e9rie<\/span> &#8211; <span class=\"sp-nh-date\">dimanche 26 juillet 2020 18:54<\/span><\/p>\n<p><span class=\"sp-nh-title\">Commerce: plus de 55.000 infractions durant le premier semestre de 2020<\/span> &#8211; <span class=\"sp-nh-date\">dimanche 26 juillet 2020 18:39<\/span><\/p>\n<p><span class=\"sp-nh-title\">Les d\u00e9clarations de Borell confirment l&rsquo;\u00e9vidence historique de la non souverainet\u00e9 du Maroc sur le Sahara occidental<\/span> &#8211; <span class=\"sp-nh-date\">dimanche 26 juillet 2020 18:21<\/span><\/p>\n<p><span class=\"sp-nh-title\">Covid-19 : un service de soutien aux staffs m\u00e9dicaux<\/span> &#8211; <span class=\"sp-nh-date\">dimanche 26 juillet 2020 17:59<\/span><\/p>\n<p><span class=\"sp-nh-title\">P\u00e9trole : hausse de 3,7 % des r\u00e9serves prouv\u00e9es des pays de l\u2019Opep\u00a0<\/span> &#8211; <span class=\"sp-nh-date\">dimanche 26 juillet 2020 17:53<\/span><\/p>\n<p><span class=\"sp-nh-title\">A\u00efd El Adha : pr\u00e8s de 47.600 commer\u00e7ants mobilis\u00e9s<\/span> &#8211; <span class=\"sp-nh-date\">dimanche 26 juillet 2020 17:43<\/span><\/p>\n<p><span class=\"sp-nh-title\">Mise en garde contre une intervention militaire en Libye<\/span> &#8211; <span class=\"sp-nh-date\">dimanche 26 juillet 2020 17:33<\/span><\/p>\n<p><span class=\"sp-nh-title\">Coronavirus : 593 nouveaux cas, 395 gu\u00e9risons et 9 d\u00e9c\u00e8s<\/span> &#8211; <span class=\"sp-nh-date\">dimanche 26 juillet 2020 17:25<\/span><\/p>\n<p><span class=\"sp-nh-title\">CRA -S\u00e9tif : distribution de 40 T d\u2019aides alimentaires dans les zones enclav\u00e9es \u00e0 travers 25 communes<\/span> &#8211; <span class=\"sp-nh-date\">dimanche 26 juillet 2020 17:19<\/span><\/p>\n<p><span class=\"sp-nh-title\">Commerce : saisie de pr\u00e8s de 163 T de marchandises durant le premier semestre 2020 \u00a0<\/span> &#8211; <span class=\"sp-nh-date\">dimanche 26 juillet 2020 17:14<\/span><\/p>\n<p><span class=\"sp-nh-title\">Crise au Mali : R\u00e9union du Conseil de s\u00e9curit\u00e9 lundi par visioconf\u00e9rence<\/span> &#8211; <span class=\"sp-nh-date\">dimanche 26 juillet 2020 17:02<\/span><\/p>\n<p><span class=\"sp-nh-title\">Covid-19 : l&rsquo;efficacit\u00e9 de la r\u00e9ponse immunitaire et la recombinaison g\u00e9n\u00e9tique du virus ont att\u00e9nu\u00e9 sa gravit\u00e9<\/span> &#8211; <span class=\"sp-nh-date\">dimanche 26 juillet 2020 16:41<\/span><\/p>\n<p><span class=\"sp-nh-title\">Assurances: la CNMA a r\u00e9alis\u00e9 une croissance de 31% de son r\u00e9sultat net en 2019 \u00a0<\/span> &#8211; <span class=\"sp-nh-date\">dimanche 26 juillet 2020 15:59<\/span><\/p>\n<p><span class=\"sp-nh-title\">Destruction de deux bombes de confection artisanale \u00e0 M\u00e9d\u00e9a\u00a0<\/span> &#8211; <span class=\"sp-nh-date\">dimanche 26 juillet 2020 15:44<\/span><\/p>\n<p><span class=\"sp-nh-title\">Biskra : rapatriement de 122 ressortissants alg\u00e9riens bloqu\u00e9s au Sultanat d\u2019Oman<\/span> &#8211; <span class=\"sp-nh-date\">dimanche 26 juillet 2020 14:54<\/span><\/p>\n<p><span class=\"sp-nh-title\">Prolongation de bourse d&rsquo;\u00e9tudes : les r\u00e9sultats de l&rsquo;\u00e9valuation de la 1\u00e8re vague de demandes transmis pour notification<\/span> &#8211; <span class=\"sp-nh-date\">dimanche 26 juillet 2020 14:45<\/span><\/p>\n<p><span class=\"sp-nh-title\">Constantine : 260 ressortissants alg\u00e9riens rapatri\u00e9s du Canada\u00a0<\/span> &#8211; <span class=\"sp-nh-date\">dimanche 26 juillet 2020 14:37<\/span><\/p>\n<p><span class=\"sp-nh-title\">A\u00efd El Adha: appel au respect des mesures barri\u00e8res contre la Covid-19<\/span> &#8211; <span class=\"sp-nh-date\">dimanche 26 juillet 2020 14:18<\/span><\/p>\n<p><span class=\"sp-nh-title\">Aid El Adha : un dispositif pour les r\u00e9seaux d&rsquo;assainissement<\/span> &#8211; <span class=\"sp-nh-date\">dimanche 26 juillet 2020 13:21<\/span><\/p>\n<p><span class=\"sp-nh-title\">Aviron et cano\u00eb kayak: la f\u00e9d\u00e9ration alg\u00e9rienne veut reprendre les comp\u00e9titions<\/span> &#8211; <span class=\"sp-nh-date\">dimanche 26 juillet 2020 13:03<\/span><\/p>\n<p>Auteur:<br \/>\n<a href=\"http:\/\/www.aps.dz\/regions\/107883-biskra-rapatriement-de-122-ressortissants-algeriens-bloques-au-sultanat-d-oman\">Cliquez ici pour lire l&rsquo;article depuis sa source.<\/a><\/p>\n","protected":false},"excerpt":{"rendered":"<p>Afrique Asie: Rabat franchit un pas inqualifiable dans ses attaques contre l&rsquo;Alg\u00e9rie &#8211; dimanche 26 juillet 2020 18:54 Commerce: plus de 55.000 infractions durant le premier semestre de 2020 &#8211; dimanche 26 juillet 2020 18:39 Les d\u00e9clarations de Borell confirment l&rsquo;\u00e9vidence historique de la non souverainet\u00e9 du Maroc sur le Sahara occidental &#8211; dimanche 26 [&hellip;]<\/p>\n","protected":false},"author":1790,"featured_media":0,"comment_status":"closed","ping_status":"closed","sticky":false,"template":"","format":"standard","meta":{"fifu_image_url":"","fifu_image_alt":"","footnotes":""},"categories":[53,76],"tags":[],"class_list":["post-93646","post","type-post","status-publish","format-standard","hentry","category-algerie","category-regions"],"_links":{"self":[{"href":"https:\/\/linitiative.ca\/International\/wp-json\/wp\/v2\/posts\/93646","targetHints":{"allow":["GET"]}}],"collection":[{"href":"https:\/\/linitiative.ca\/International\/wp-json\/wp\/v2\/posts"}],"about":[{"href":"https:\/\/linitiative.ca\/International\/wp-json\/wp\/v2\/types\/post"}],"author":[{"embeddable":true,"href":"https:\/\/linitiative.ca\/International\/wp-json\/wp\/v2\/users\/1790"}],"replies":[{"embeddable":true,"href":"https:\/\/linitiative.ca\/International\/wp-json\/wp\/v2\/comments?post=93646"}],"version-history":[{"count":0,"href":"https:\/\/linitiative.ca\/International\/wp-json\/wp\/v2\/posts\/93646\/revisions"}],"wp:attachment":[{"href":"https:\/\/linitiative.ca\/International\/wp-json\/wp\/v2\/media?parent=93646"}],"wp:term":[{"taxonomy":"category","embeddable":true,"href":"https:\/\/linitiative.ca\/International\/wp-json\/wp\/v2\/categories?post=93646"},{"taxonomy":"post_tag","embeddable":true,"href":"https:\/\/linitiative.ca\/International\/wp-json\/wp\/v2\/tags?post=93646"}],"curies":[{"name":"wp","href":"https:\/\/api.w.org\/{rel}","templated":true}]}}