{"id":93659,"date":"2020-07-26T15:13:26","date_gmt":"2020-07-26T19:13:26","guid":{"rendered":"https:\/\/linitiative.ca\/International\/equipe-dalgerie-belloumi-encense-belmadi\/"},"modified":"2020-07-26T15:13:26","modified_gmt":"2020-07-26T19:13:26","slug":"equipe-dalgerie-belloumi-encense-belmadi","status":"publish","type":"post","link":"https:\/\/linitiative.ca\/International\/equipe-dalgerie-belloumi-encense-belmadi\/","title":{"rendered":"Equipe d&rsquo;Alg\u00e9rie : Belloumi encense Belmadi"},"content":{"rendered":"<div readability=\"32\">\n<p>Auteur : <span>Riad O<\/span> <span class=\"time\">dimanche 26 juillet 2020 15:20<\/span><\/p>\n<\/div>\n<div id=\"post_core\" readability=\"42\">\n<p>Dans un entretien accord\u00e9 au site, Alaraby, la l\u00e9gende vivante du football Alg\u00e9rien, Lakhdar Belloumi n\u2019a pas tari d\u2019\u00e9loges sur le s\u00e9lectionneur national, Djamel Belmadi\u00a0:\u00a0\u00abBelmadi a l\u2019exp\u00e9rience qu\u2019il faut pour r\u00e9ussir dans les \u00e9liminatoires de la prochaine coupe du monde 2022.\u00bb a-t-il d\u00e9clar\u00e9, avant d\u2019ajouter\u00a0:\u00a0\u00abNous avons tous vu sa m\u00e9thode de travail avec laquelle il a r\u00e9ussi \u00e0 la CAN 2019, une m\u00e9thode bas\u00e9e sur la discipline sur et en dehors du terrain.\u00bb Belloumi a ajout\u00e9\u00a0:\u00a0\u00abBelmadi n\u2019est pas appel\u00e9 \u00e0 apprendre aux joueurs les ABC de foot. Mais gr\u00e2ce \u00e0 sa discipline et \u00e0 sa rigueur dans le travail, il a r\u00e9ussi au sein de l\u2019EN.\u00bb<\/p>\n<p><strong>Publi\u00e9 dans :<\/strong> <span>Belmadi<\/span><\/p>\n<\/div>\n<p>Auteur:<br \/>\n<a href=\"http:\/\/www.lebuteur.com\/article\/detail?titre=belloumi-encense-belmadi&#038;id=96711&#038;utm_source=feedburner&#038;utm_medium=feed&#038;utm_campaign=Feed%3A+GalerieFArtciles+%28Les+derniers+articles++-+lebuteur.com%29\">Cliquez ici pour lire l&rsquo;article depuis sa source.<\/a><\/p>\n","protected":false},"excerpt":{"rendered":"<p>Auteur : Riad O dimanche 26 juillet 2020 15:20 Dans un entretien accord\u00e9 au site, Alaraby, la l\u00e9gende vivante du football Alg\u00e9rien, Lakhdar Belloumi n\u2019a pas tari d\u2019\u00e9loges sur le s\u00e9lectionneur national, Djamel Belmadi\u00a0:\u00a0\u00abBelmadi a l\u2019exp\u00e9rience qu\u2019il faut pour r\u00e9ussir dans les \u00e9liminatoires de la prochaine coupe du monde 2022.\u00bb a-t-il d\u00e9clar\u00e9, avant d\u2019ajouter\u00a0:\u00a0\u00abNous avons [&hellip;]<\/p>\n","protected":false},"author":1738,"featured_media":93660,"comment_status":"closed","ping_status":"closed","sticky":false,"template":"","format":"standard","meta":{"fifu_image_url":"","fifu_image_alt":"","footnotes":""},"categories":[53,75],"tags":[],"class_list":["post-93659","post","type-post","status-publish","format-standard","has-post-thumbnail","hentry","category-algerie","category-sport"],"_links":{"self":[{"href":"https:\/\/linitiative.ca\/International\/wp-json\/wp\/v2\/posts\/93659","targetHints":{"allow":["GET"]}}],"collection":[{"href":"https:\/\/linitiative.ca\/International\/wp-json\/wp\/v2\/posts"}],"about":[{"href":"https:\/\/linitiative.ca\/International\/wp-json\/wp\/v2\/types\/post"}],"author":[{"embeddable":true,"href":"https:\/\/linitiative.ca\/International\/wp-json\/wp\/v2\/users\/1738"}],"replies":[{"embeddable":true,"href":"https:\/\/linitiative.ca\/International\/wp-json\/wp\/v2\/comments?post=93659"}],"version-history":[{"count":0,"href":"https:\/\/linitiative.ca\/International\/wp-json\/wp\/v2\/posts\/93659\/revisions"}],"wp:featuredmedia":[{"embeddable":true,"href":"https:\/\/linitiative.ca\/International\/wp-json\/"}],"wp:attachment":[{"href":"https:\/\/linitiative.ca\/International\/wp-json\/wp\/v2\/media?parent=93659"}],"wp:term":[{"taxonomy":"category","embeddable":true,"href":"https:\/\/linitiative.ca\/International\/wp-json\/wp\/v2\/categories?post=93659"},{"taxonomy":"post_tag","embeddable":true,"href":"https:\/\/linitiative.ca\/International\/wp-json\/wp\/v2\/tags?post=93659"}],"curies":[{"name":"wp","href":"https:\/\/api.w.org\/{rel}","templated":true}]}}