{"id":93661,"date":"2020-07-26T15:13:29","date_gmt":"2020-07-26T19:13:29","guid":{"rendered":"https:\/\/linitiative.ca\/International\/pros-le-galatasaray-decide-finalement-de-conserver-feghouli\/"},"modified":"2020-07-26T15:13:29","modified_gmt":"2020-07-26T19:13:29","slug":"pros-le-galatasaray-decide-finalement-de-conserver-feghouli","status":"publish","type":"post","link":"https:\/\/linitiative.ca\/International\/pros-le-galatasaray-decide-finalement-de-conserver-feghouli\/","title":{"rendered":"Pros : Le Galatasaray d\u00e9cide, finalement, de conserver Feghouli"},"content":{"rendered":"<div readability=\"32\">\n<p>Auteur : <span>Riad O<\/span> <span class=\"time\">dimanche 26 juillet 2020 15:21<\/span><\/p>\n<\/div>\n<div id=\"post_core\" readability=\"40\">\n<p>A en croire la presse turque, la direction du Galatasaray a d\u00e9cid\u00e9 de conserver Sofiane Feghouli dans son effectif la saison prochaine. Selon la chaine TRT Sports, la direction du Galatasaray a, finalement,\u00a0d\u00e9cid\u00e9 de ne pas vendre son joueur Alg\u00e9rien cet \u00e9t\u00e9. Convoit\u00e9 par certains clubs au Qatar, Feghouli devrait donc poursuivre l\u2019aventure en Super Lig la saison prochaine.<\/p>\n<p><strong>Publi\u00e9 dans :<\/strong> <span>Feghouli<\/span><\/p>\n<\/div>\n<p>Auteur:<br \/>\n<a href=\"http:\/\/www.lebuteur.com\/article\/detail?titre=le-galatasaray-decide-finalement-de-conserver-feghouli&#038;id=96712&#038;utm_source=feedburner&#038;utm_medium=feed&#038;utm_campaign=Feed%3A+GalerieFArtciles+%28Les+derniers+articles++-+lebuteur.com%29\">Cliquez ici pour lire l&rsquo;article depuis sa source.<\/a><\/p>\n","protected":false},"excerpt":{"rendered":"<p>Auteur : Riad O dimanche 26 juillet 2020 15:21 A en croire la presse turque, la direction du Galatasaray a d\u00e9cid\u00e9 de conserver Sofiane Feghouli dans son effectif la saison prochaine. Selon la chaine TRT Sports, la direction du Galatasaray a, finalement,\u00a0d\u00e9cid\u00e9 de ne pas vendre son joueur Alg\u00e9rien cet \u00e9t\u00e9. Convoit\u00e9 par certains clubs [&hellip;]<\/p>\n","protected":false},"author":1738,"featured_media":93662,"comment_status":"closed","ping_status":"closed","sticky":false,"template":"","format":"standard","meta":{"fifu_image_url":"","fifu_image_alt":"","footnotes":""},"categories":[53,75],"tags":[],"class_list":["post-93661","post","type-post","status-publish","format-standard","has-post-thumbnail","hentry","category-algerie","category-sport"],"_links":{"self":[{"href":"https:\/\/linitiative.ca\/International\/wp-json\/wp\/v2\/posts\/93661","targetHints":{"allow":["GET"]}}],"collection":[{"href":"https:\/\/linitiative.ca\/International\/wp-json\/wp\/v2\/posts"}],"about":[{"href":"https:\/\/linitiative.ca\/International\/wp-json\/wp\/v2\/types\/post"}],"author":[{"embeddable":true,"href":"https:\/\/linitiative.ca\/International\/wp-json\/wp\/v2\/users\/1738"}],"replies":[{"embeddable":true,"href":"https:\/\/linitiative.ca\/International\/wp-json\/wp\/v2\/comments?post=93661"}],"version-history":[{"count":0,"href":"https:\/\/linitiative.ca\/International\/wp-json\/wp\/v2\/posts\/93661\/revisions"}],"wp:featuredmedia":[{"embeddable":true,"href":"https:\/\/linitiative.ca\/International\/wp-json\/"}],"wp:attachment":[{"href":"https:\/\/linitiative.ca\/International\/wp-json\/wp\/v2\/media?parent=93661"}],"wp:term":[{"taxonomy":"category","embeddable":true,"href":"https:\/\/linitiative.ca\/International\/wp-json\/wp\/v2\/categories?post=93661"},{"taxonomy":"post_tag","embeddable":true,"href":"https:\/\/linitiative.ca\/International\/wp-json\/wp\/v2\/tags?post=93661"}],"curies":[{"name":"wp","href":"https:\/\/api.w.org\/{rel}","templated":true}]}}