{"id":93670,"date":"2020-07-25T20:00:00","date_gmt":"2020-07-26T00:00:00","guid":{"rendered":"https:\/\/linitiative.ca\/International\/gendarmerie-nationale-318-officiers-pretent-le-serment-legal\/"},"modified":"2020-07-25T20:00:00","modified_gmt":"2020-07-26T00:00:00","slug":"gendarmerie-nationale-318-officiers-pretent-le-serment-legal","status":"publish","type":"post","link":"https:\/\/linitiative.ca\/International\/gendarmerie-nationale-318-officiers-pretent-le-serment-legal\/","title":{"rendered":"Gendarmerie nationale  :   318 officiers pr\u00eatent le serment l\u00e9gal"},"content":{"rendered":"<p>Trois cent dix-huit officiers de la Gendarmerie nationale ont pr\u00eat\u00e9 serment, hier au si\u00e8ge de la Cour de Justice d\u2019Alger, en pr\u00e9sence de cadres sup\u00e9rieurs du Commandement de la Gendarmerie nationale et de la Justice, a indiqu\u00e9 un communiqu\u00e9 du Commandement. Conform\u00e9ment au d\u00e9cret 108-73 du 06 juin 1973 portant r\u00e9organisation de la Gendarmerie nationale, notamment l\u2019article 20, trois cent dix-huit (318) officiers et sous-officiers relevant des diff\u00e9rentes structures de la Gendarmerie nationale ont pr\u00eat\u00e9 serment l\u00e9gal lors d\u2019une s\u00e9ance pl\u00e9ni\u00e8re et obtenu la qualit\u00e9 d\u2019officier de police judiciaire, en application de l\u2019article 12 du code de proc\u00e9dure p\u00e9nale, qui fait d&rsquo;eux des agents de la justice exer\u00e7ant sous sa tutelle et son administration.\u00a0 Les promus seront affect\u00e9s \u00e0 leurs nouveaux postes de travail pour consolider les unit\u00e9s de la Gendarmerie nationale partout sur le territoire national, a pr\u00e9cis\u00e9 la m\u00eame source. Le serment pr\u00eat\u00e9 constitue une reconnaissance et une admission officielle des officiers de la Gendarmerie nationale, leur permettant de s\u2019acquitter de leurs missions et pr\u00e9rogatives en qualit\u00e9 d\u2019officiers de Police judiciaire. C\u2019est \u00e9galement un engagement de fid\u00e9lit\u00e9 aux principes de la glorieuse R\u00e9volution de Novembre, de respect des lois et r\u00e9glementations, d\u2019obligation de secret et de protection du pays. Pour le gendarme, le serment est aussi un engagement de veiller \u00e0 la pr\u00e9servation des int\u00e9r\u00eats supr\u00eames de la nation en toutes circonstances et, partant, un gage d\u2019honneur et un fondement de l\u2019\u00e9thique, a conclu le communiqu\u00e9.<\/p>\n<p>Auteur: elmoudjahid<br \/>\n<a href=\"http:\/\/www.elmoudjahid.com\/fr\/actualites\/156738\">Cliquez ici pour lire l&rsquo;article depuis sa source.<\/a><\/p>\n","protected":false},"excerpt":{"rendered":"<p>Trois cent dix-huit officiers de la Gendarmerie nationale ont pr\u00eat\u00e9 serment, hier au si\u00e8ge de la Cour de Justice d\u2019Alger, en pr\u00e9sence de cadres sup\u00e9rieurs du Commandement de la Gendarmerie nationale et de la Justice, a indiqu\u00e9 un communiqu\u00e9 du Commandement. Conform\u00e9ment au d\u00e9cret 108-73 du 06 juin 1973 portant r\u00e9organisation de la Gendarmerie nationale, [&hellip;]<\/p>\n","protected":false},"author":1744,"featured_media":0,"comment_status":"closed","ping_status":"closed","sticky":false,"template":"","format":"standard","meta":{"fifu_image_url":"","fifu_image_alt":"","footnotes":""},"categories":[73,53],"tags":[],"class_list":["post-93670","post","type-post","status-publish","format-standard","hentry","category-actualite","category-algerie"],"_links":{"self":[{"href":"https:\/\/linitiative.ca\/International\/wp-json\/wp\/v2\/posts\/93670","targetHints":{"allow":["GET"]}}],"collection":[{"href":"https:\/\/linitiative.ca\/International\/wp-json\/wp\/v2\/posts"}],"about":[{"href":"https:\/\/linitiative.ca\/International\/wp-json\/wp\/v2\/types\/post"}],"author":[{"embeddable":true,"href":"https:\/\/linitiative.ca\/International\/wp-json\/wp\/v2\/users\/1744"}],"replies":[{"embeddable":true,"href":"https:\/\/linitiative.ca\/International\/wp-json\/wp\/v2\/comments?post=93670"}],"version-history":[{"count":0,"href":"https:\/\/linitiative.ca\/International\/wp-json\/wp\/v2\/posts\/93670\/revisions"}],"wp:attachment":[{"href":"https:\/\/linitiative.ca\/International\/wp-json\/wp\/v2\/media?parent=93670"}],"wp:term":[{"taxonomy":"category","embeddable":true,"href":"https:\/\/linitiative.ca\/International\/wp-json\/wp\/v2\/categories?post=93670"},{"taxonomy":"post_tag","embeddable":true,"href":"https:\/\/linitiative.ca\/International\/wp-json\/wp\/v2\/tags?post=93670"}],"curies":[{"name":"wp","href":"https:\/\/api.w.org\/{rel}","templated":true}]}}