{"id":93671,"date":"2020-07-25T20:00:00","date_gmt":"2020-07-26T00:00:00","guid":{"rendered":"https:\/\/linitiative.ca\/International\/conversion-au-gpl-une-strategie-globale-de-developpement-de-lactivite\/"},"modified":"2020-07-25T20:00:00","modified_gmt":"2020-07-26T00:00:00","slug":"conversion-au-gpl-une-strategie-globale-de-developpement-de-lactivite","status":"publish","type":"post","link":"https:\/\/linitiative.ca\/International\/conversion-au-gpl-une-strategie-globale-de-developpement-de-lactivite\/","title":{"rendered":"Conversion au GPL :  Une strat\u00e9gie globale de d\u00e9veloppement de l\u2019activit\u00e9"},"content":{"rendered":"<div class=\"TxArtcile\" readability=\"27\">\n<p>Le ministre de la Transition \u00e9nerg\u00e9tique et des Energies renouvelables, Chems Eddine Chitour, a invit\u00e9 les op\u00e9rateurs de conversion des syst\u00e8mes des v\u00e9hicules au GPL carburant (GPLc) \u00e0 participer \u00e0 la mise en place d\u2019une strat\u00e9gie globale de d\u00e9veloppement de cette activit\u00e9.<br \/>\u00abLors d\u2019une rencontre tenue le 21 juillet au si\u00e8ge du minist\u00e8re, avec des op\u00e9rateurs de conversion des syst\u00e8mes des v\u00e9hicules au SIRGHAZ (GPL), M. Chitour a pr\u00e9sent\u00e9 les principaux \u00e9l\u00e9ments de la politique du secteur visant la promotion et le d\u00e9veloppement de l&rsquo;utilisation des \u00e9nergies propres et la mise en place d&rsquo;un mod\u00e8le \u00e9nerg\u00e9tique \u00e0 m\u00eame de lib\u00e9rer le pays de la d\u00e9pendance aux \u00e9nergies fossiles\u00bb, a pr\u00e9cis\u00e9 le ministre dans un communiqu\u00e9 publi\u00e9 sur sa page facebook.<br \/>Il a rappel\u00e9, \u00e0 l&rsquo;occasion, que les premi\u00e8res mesures prises par le gouvernement, relatives \u00e0 la conversion au GPL (SIRGHAZ) du parc automobile de l&rsquo;ensemble des institutions et administration publiques et ce, conform\u00e9ment aux instructions du Pr\u00e9sident de la R\u00e9publique, Abdelmadjid Tebboune. La m\u00eame source a ajout\u00e9 que \u00abcompte tenu de l&rsquo;importance du volet carburant, M. Chitour a exprim\u00e9 sa volont\u00e9 et sa d\u00e9termination \u00e0 \u0153uvrer, par une d\u00e9marche participative et transparente, \u00e0 la redynamisation du segment de conversion au GPL\u00bb. Le ministre a invit\u00e9 \u00abtous les acteurs de ce domaine \u00e0 faire part de leurs pr\u00e9occupations et de leurs propositions pour mettre en place, de fa\u00e7on concert\u00e9e et coll\u00e9giale, une strat\u00e9gie globale pour le d\u00e9veloppement de cette activit\u00e9\u00bb. \u00abUn objectif prioritaire a \u00e9t\u00e9 fix\u00e9 d\u2019embl\u00e9e, il s&rsquo;agit de doubler le nombre des v\u00e9hicules \u00e0 convertir au SIRGHAZ (GPL) d\u00e8s l&rsquo;ann\u00e9e prochaine. Il a \u00e9t\u00e9 question \u00e9galement de r\u00e9fl\u00e9chir \u00e0 la relance du GNC\u00bb.<br \/>De leur c\u00f4t\u00e9, les op\u00e9rateurs de conversion au GPL ont fait part de leur disposition \u00e0 contribuer massivement dans les actions de d\u00e9veloppement de leurs activit\u00e9s avec l&rsquo;accompagnement du minist\u00e8re de la Transition \u00e9nerg\u00e9tique et des Energies renouvelables.<br \/>\u00a0\u00a0\u00a0<\/p>\n<\/div>\n<div class=\"ModliArtilUne\">\n<ul>\n<li><strong>Publi\u00e9 dans :<\/strong><\/li>\n<\/ul>\n<\/div>\n<div class=\"MbComIns\" id=\"newcom\" readability=\"5.6940298507463\">\n<h6>DONNEZ VOTRE AVIS<\/h6>\n<p>Il n&rsquo;y a actuellement aucune r\u00e9action \u00e0 cette information. Soyez le premier \u00e0 r\u00e9agir !<\/p>\n<p><a href=\"\" rel=\"#popup\" class=\"login resetbutton\">Identifiez-vous<\/a><a class=\"button\" href=\"https:\/\/elmoudjahid.com\/fr\/inscription\/\"><span>S&rsquo;inscrire<\/span><\/a><\/p>\n<\/div>\n<p>Auteur: elmoudjahid<br \/>\n<a href=\"http:\/\/www.elmoudjahid.com\/fr\/actualites\/156739\">Cliquez ici pour lire l&rsquo;article depuis sa source.<\/a><\/p>\n","protected":false},"excerpt":{"rendered":"<p>Le ministre de la Transition \u00e9nerg\u00e9tique et des Energies renouvelables, Chems Eddine Chitour, a invit\u00e9 les op\u00e9rateurs de conversion des syst\u00e8mes des v\u00e9hicules au GPL carburant (GPLc) \u00e0 participer \u00e0 la mise en place d\u2019une strat\u00e9gie globale de d\u00e9veloppement de cette activit\u00e9.\u00abLors d\u2019une rencontre tenue le 21 juillet au si\u00e8ge du minist\u00e8re, avec des op\u00e9rateurs [&hellip;]<\/p>\n","protected":false},"author":1744,"featured_media":0,"comment_status":"closed","ping_status":"closed","sticky":false,"template":"","format":"standard","meta":{"fifu_image_url":"","fifu_image_alt":"","footnotes":""},"categories":[73,53],"tags":[],"class_list":["post-93671","post","type-post","status-publish","format-standard","hentry","category-actualite","category-algerie"],"_links":{"self":[{"href":"https:\/\/linitiative.ca\/International\/wp-json\/wp\/v2\/posts\/93671","targetHints":{"allow":["GET"]}}],"collection":[{"href":"https:\/\/linitiative.ca\/International\/wp-json\/wp\/v2\/posts"}],"about":[{"href":"https:\/\/linitiative.ca\/International\/wp-json\/wp\/v2\/types\/post"}],"author":[{"embeddable":true,"href":"https:\/\/linitiative.ca\/International\/wp-json\/wp\/v2\/users\/1744"}],"replies":[{"embeddable":true,"href":"https:\/\/linitiative.ca\/International\/wp-json\/wp\/v2\/comments?post=93671"}],"version-history":[{"count":0,"href":"https:\/\/linitiative.ca\/International\/wp-json\/wp\/v2\/posts\/93671\/revisions"}],"wp:attachment":[{"href":"https:\/\/linitiative.ca\/International\/wp-json\/wp\/v2\/media?parent=93671"}],"wp:term":[{"taxonomy":"category","embeddable":true,"href":"https:\/\/linitiative.ca\/International\/wp-json\/wp\/v2\/categories?post=93671"},{"taxonomy":"post_tag","embeddable":true,"href":"https:\/\/linitiative.ca\/International\/wp-json\/wp\/v2\/tags?post=93671"}],"curies":[{"name":"wp","href":"https:\/\/api.w.org\/{rel}","templated":true}]}}