{"id":93674,"date":"2020-07-25T15:54:09","date_gmt":"2020-07-25T19:54:09","guid":{"rendered":"https:\/\/linitiative.ca\/International\/107865-foot-saison-2019-2020-suspendue-reunion-dimanche-entre-presidents-de-club-pour-concertation\/"},"modified":"2020-07-25T15:54:09","modified_gmt":"2020-07-25T19:54:09","slug":"107865-foot-saison-2019-2020-suspendue-reunion-dimanche-entre-presidents-de-club-pour-concertation","status":"publish","type":"post","link":"https:\/\/linitiative.ca\/International\/107865-foot-saison-2019-2020-suspendue-reunion-dimanche-entre-presidents-de-club-pour-concertation\/","title":{"rendered":"Saison 2019-2020 suspendue: r\u00e9union entre pr\u00e9sidents de club pour concertation"},"content":{"rendered":"<div readability=\"40\">\n<p>TIZI-OUZOU- Une r\u00e9union entre les pr\u00e9sidents de certains clubs professionnels aura lieu dimanche afin de se concerter sur la suite de la saison 2019-2020, que la F\u00e9d\u00e9ration alg\u00e9rienne de football (FAF) veut trancher via une consultation \u00e9crite, a annonc\u00e9, samedi \u00e0 Tizi-Ouzou, le pr\u00e9sident de la JS Kabylie, Cherif Mellal.<\/p>\n<\/div>\n<div readability=\"79.5\">\n<p>\u00ab\u00a0Nous avons une r\u00e9union avec des pr\u00e9sidents de club et m\u00eame le pr\u00e9sident de la Ligue de football professionnel (LFP)\u00a0\u00bb, a-t-il dit lors d&rsquo;une conf\u00e9rence de presse, en rappelant que la position de la JSK concernant la reprise du championnat, suspendu depuis mars en raison de la pand\u00e9mie de coronavirus, \u00ab\u00a0est claire et est exprim\u00e9e dans un protocole d&rsquo;accord remis \u00e0 la LFP et \u00e0 la FAF\u00a0\u00bb.<\/p>\n<p>Revenant sur la n\u00e9cessit\u00e9 de trancher d\u00e9finitivement l&rsquo;avenir de la saison 2019-2020, le pr\u00e9sident de la JSK a soulign\u00e9 que les clubs ont besoin de \u00ab\u00a0visibilit\u00e9\u00a0\u00bb, ajoutant qu'\u00a0\u00bbil faut mettre un terme \u00e0 ce statu quo qui dure depuis plus de quatre mois\u00a0\u00bb.<\/p>\n<blockquote readability=\"10\">\n<p class=\"c30\"><em><strong>Il a critiqu\u00e9 \u00e0 cette occasion le recours de la FAF \u00e0 la consultation \u00e9crite qu&rsquo;il dit \u00ab\u00a0ne pas reconna\u00eetre\u00a0\u00bb, estimant que le patron de l&rsquo; instance f\u00e9d\u00e9rale, Khe\u00efreddine Zetchi, \u00ab\u00a0a failli dans sa mission\u00a0\u00bb et qu&rsquo;il devait \u00ab\u00a0partir\u00a0\u00bb.<\/strong><\/em><\/p>\n<\/blockquote>\n<p>\u00ab\u00a0La FAF ne s&rsquo;est pas r\u00e9unie avec nous durant toute la saison, je ne sais pas pourquoi elle veut maintenant nous consulter pour d\u00e9cider du sort de la saison. Le Bureau f\u00e9d\u00e9ral ne veut pas assumer ses responsabilit\u00e9s, il n&rsquo;a pas le courage pour le faire\u00a0\u00bb, a-t-il ajout\u00e9.<\/p>\n<p>Sur un autre registre, Mellal a soulign\u00e9 que la direction du club poursuit sa strat\u00e9gie de d\u00e9veloppement de la JSK, annon\u00e7ant, entre autres chantiers lanc\u00e9, la structuration des jeunes cat\u00e9gories et des seniors.<\/p>\n<p>A propos du projet de la boutique qui sera ouverte au niveau du Cercle de la JSK, Mellal a indiqu\u00e9 que les travaux d&rsquo;am\u00e9nagement ont \u00e9t\u00e9 lanc\u00e9s, ajoutant qu&rsquo;un cahier de charges sera \u00e9labor\u00e9 et un avis d&rsquo;appel d&rsquo;offres sera lanc\u00e9 pour l&rsquo;ouverture d&rsquo;autres boutiques similaires \u00e0 travers le territoire national.<\/p>\n<p>Il a aussi insist\u00e9 sur l&rsquo;importance de doter la wilaya de Tizi-Ouzou d&rsquo;infrastructures pour la formation des jeunes dans toutes les disciplines, s&rsquo;inqui\u00e9tant au passage du retard accus\u00e9 dans la construction du centre de regroupement et de pr\u00e9paration sportif des \u00e9quipes nationales d&rsquo;Aghribs.<\/p>\n<p>Cette conf\u00e9rence de presse a \u00e9t\u00e9 tenue en pr\u00e9sence des deux joueurs Besayah et Ranai qui ont exprim\u00e9 leur \u00ab\u00a0fiert\u00e9 d&rsquo;\u00eatre \u00e0 la JSK, le meilleur club de football alg\u00e9rien\u00a0\u00bb.<\/p>\n<\/div>\n<p>Auteur:<br \/>\n<a href=\"http:\/\/www.aps.dz\/sport\/107865-foot-saison-2019-2020-suspendue-reunion-dimanche-entre-presidents-de-club-pour-concertation?utm_source=feedburner&#038;utm_medium=feed&#038;utm_campaign=Feed%3A+aps-sport+%28APS+-+SPORT%29\">Cliquez ici pour lire l&rsquo;article depuis sa source.<\/a><\/p>\n","protected":false},"excerpt":{"rendered":"<p>TIZI-OUZOU- Une r\u00e9union entre les pr\u00e9sidents de certains clubs professionnels aura lieu dimanche afin de se concerter sur la suite de la saison 2019-2020, que la F\u00e9d\u00e9ration alg\u00e9rienne de football (FAF) veut trancher via une consultation \u00e9crite, a annonc\u00e9, samedi \u00e0 Tizi-Ouzou, le pr\u00e9sident de la JS Kabylie, Cherif Mellal. \u00ab\u00a0Nous avons une r\u00e9union avec [&hellip;]<\/p>\n","protected":false},"author":1790,"featured_media":0,"comment_status":"closed","ping_status":"closed","sticky":false,"template":"","format":"standard","meta":{"fifu_image_url":"","fifu_image_alt":"","footnotes":""},"categories":[53,75],"tags":[],"class_list":["post-93674","post","type-post","status-publish","format-standard","hentry","category-algerie","category-sport"],"_links":{"self":[{"href":"https:\/\/linitiative.ca\/International\/wp-json\/wp\/v2\/posts\/93674","targetHints":{"allow":["GET"]}}],"collection":[{"href":"https:\/\/linitiative.ca\/International\/wp-json\/wp\/v2\/posts"}],"about":[{"href":"https:\/\/linitiative.ca\/International\/wp-json\/wp\/v2\/types\/post"}],"author":[{"embeddable":true,"href":"https:\/\/linitiative.ca\/International\/wp-json\/wp\/v2\/users\/1790"}],"replies":[{"embeddable":true,"href":"https:\/\/linitiative.ca\/International\/wp-json\/wp\/v2\/comments?post=93674"}],"version-history":[{"count":0,"href":"https:\/\/linitiative.ca\/International\/wp-json\/wp\/v2\/posts\/93674\/revisions"}],"wp:attachment":[{"href":"https:\/\/linitiative.ca\/International\/wp-json\/wp\/v2\/media?parent=93674"}],"wp:term":[{"taxonomy":"category","embeddable":true,"href":"https:\/\/linitiative.ca\/International\/wp-json\/wp\/v2\/categories?post=93674"},{"taxonomy":"post_tag","embeddable":true,"href":"https:\/\/linitiative.ca\/International\/wp-json\/wp\/v2\/tags?post=93674"}],"curies":[{"name":"wp","href":"https:\/\/api.w.org\/{rel}","templated":true}]}}