{"id":93678,"date":"2020-07-26T11:57:00","date_gmt":"2020-07-26T15:57:00","guid":{"rendered":"https:\/\/linitiative.ca\/International\/bechar-une-collision-fait-des-blesses-a-kenadsa\/"},"modified":"2020-07-26T11:57:00","modified_gmt":"2020-07-26T15:57:00","slug":"bechar-une-collision-fait-des-blesses-a-kenadsa","status":"publish","type":"post","link":"https:\/\/linitiative.ca\/International\/bechar-une-collision-fait-des-blesses-a-kenadsa\/","title":{"rendered":"BECHAR : Une collision fait  des bless\u00e9s \u00e0 K\u00e9nadsa"},"content":{"rendered":"<p><br id=\"sep_para_1\" class=\"sep_para access\"\/><\/p>\n<div id=\"para_1\" class=\"para_38032902 resize\">\n<div class=\"texte access firstletter\">Un accident de la circulation survenu sur la route menant de B\u00e9char\u00a0 \u00e0 K\u00e9nadsa a occasionn\u00e9 des blessures\u00a0 \u00e0 deux personnes. Cela s&rsquo;est pass\u00e9 samedi \u00e0 19h35, lorsqu&rsquo;un v\u00e9hicule de marque Peugeot est entr\u00e9 en collision avec un camion malaxeur pompe \u00e0 b\u00e9ton de marque Sonacome. Les victimes de ce drame de la circulation qui sont entr\u00e9es dans un \u00e9tat de choc profond\u00a0 ont \u00e9t\u00e9 \u00e9vacu\u00e9es par la protection civile vers l&rsquo;h\u00f4pital de K\u00e9nadsa. La gendarmerie territorialement comp\u00e9tente a ouvert une enqu\u00eate pour d\u00e9terminer les causes et circonstances de ce tragique accident. Le plus insolite dans cet accident est que la route qui relie K\u00e9nadsa \u00e0 B\u00e9char sur 18 km est une route \u00e0 double sens avec terre-plein central.\u00a0\u00a0\u00a0\u00a0\u00a0<\/div>\n<\/div>\n<p>Auteur: Ahmed Messaoud<br \/>\n<a href=\"https:\/\/www.reflexiondz.net\/BECHAR-Une-collision-fait-des-blesses-a-Kenadsa_a64244.html\">Cliquez ici pour lire l&rsquo;article depuis sa source.<\/a><\/p>\n","protected":false},"excerpt":{"rendered":"<p>Un accident de la circulation survenu sur la route menant de B\u00e9char\u00a0 \u00e0 K\u00e9nadsa a occasionn\u00e9 des blessures\u00a0 \u00e0 deux personnes. Cela s&rsquo;est pass\u00e9 samedi \u00e0 19h35, lorsqu&rsquo;un v\u00e9hicule de marque Peugeot est entr\u00e9 en collision avec un camion malaxeur pompe \u00e0 b\u00e9ton de marque Sonacome. Les victimes de ce drame de la circulation qui [&hellip;]<\/p>\n","protected":false},"author":1740,"featured_media":0,"comment_status":"closed","ping_status":"closed","sticky":false,"template":"","format":"standard","meta":{"fifu_image_url":"","fifu_image_alt":"","footnotes":""},"categories":[53,76],"tags":[],"class_list":["post-93678","post","type-post","status-publish","format-standard","hentry","category-algerie","category-regions"],"_links":{"self":[{"href":"https:\/\/linitiative.ca\/International\/wp-json\/wp\/v2\/posts\/93678","targetHints":{"allow":["GET"]}}],"collection":[{"href":"https:\/\/linitiative.ca\/International\/wp-json\/wp\/v2\/posts"}],"about":[{"href":"https:\/\/linitiative.ca\/International\/wp-json\/wp\/v2\/types\/post"}],"author":[{"embeddable":true,"href":"https:\/\/linitiative.ca\/International\/wp-json\/wp\/v2\/users\/1740"}],"replies":[{"embeddable":true,"href":"https:\/\/linitiative.ca\/International\/wp-json\/wp\/v2\/comments?post=93678"}],"version-history":[{"count":0,"href":"https:\/\/linitiative.ca\/International\/wp-json\/wp\/v2\/posts\/93678\/revisions"}],"wp:attachment":[{"href":"https:\/\/linitiative.ca\/International\/wp-json\/wp\/v2\/media?parent=93678"}],"wp:term":[{"taxonomy":"category","embeddable":true,"href":"https:\/\/linitiative.ca\/International\/wp-json\/wp\/v2\/categories?post=93678"},{"taxonomy":"post_tag","embeddable":true,"href":"https:\/\/linitiative.ca\/International\/wp-json\/wp\/v2\/tags?post=93678"}],"curies":[{"name":"wp","href":"https:\/\/api.w.org\/{rel}","templated":true}]}}