{"id":93692,"date":"2020-07-26T09:30:24","date_gmt":"2020-07-26T13:30:24","guid":{"rendered":"https:\/\/linitiative.ca\/International\/contaminations-a-la-covid-19-tanger-sur-le-point-de-supplanter-casablanca\/"},"modified":"2020-07-26T09:30:24","modified_gmt":"2020-07-26T13:30:24","slug":"contaminations-a-la-covid-19-tanger-sur-le-point-de-supplanter-casablanca","status":"publish","type":"post","link":"https:\/\/linitiative.ca\/International\/contaminations-a-la-covid-19-tanger-sur-le-point-de-supplanter-casablanca\/","title":{"rendered":"Contaminations \u00e0 la covid-19 : Tanger sur le point de supplanter Casablanca"},"content":{"rendered":"<p><strong>Sur les 811 nouveaux cas enregistr\u00e9s hier samedi 25 juillet, Tanger y a contribu\u00e9 \u00e0 hauteur de 427 cas, le double du nombre enregistr\u00e9 la veille, soit 736 cas en moins de trois jours.<\/strong> <strong>La r\u00e9gion Tanger-T\u00e9touan-Al Hoceima est en passe de devenir la plus touch\u00e9e par la pand\u00e9mie devant Casablanca-Settat.<\/strong><\/p>\n<div class=\"c10\"\/>\n<p>Entre le vendredi 24 juillet et le samedi 25 juillet, les nouveaux cas ont consid\u00e9rablement augment\u00e9 \u00e0 l\u2019\u00e9chelle nationale, surtout dans le Nord. Avec une telle cadence, la r\u00e9gion Tanger-T\u00e9touan-Al Hoceima est en passe de devenir la plus touch\u00e9e par la pand\u00e9mie devant Casablanca-Settat. Jusqu\u2019\u00e0 hier samedi, elle totalisait 23,38% des cas contre 24,67% pour Casablanca-Settat. Pour rappel,\u00a0le nombre total de cas confirm\u00e9s \u00e0 l\u2019\u00e9chelle nationale \u00e9tait de 19.645, selon le bilan du minist\u00e8re de la Sant\u00e9. Le nombre de d\u00e9c\u00e8s et gu\u00e9risons atteignaient respectivement 305 et 16.282.<\/p>\n<p><strong>Lire aussi|<\/strong><a href=\"https:\/\/www.challenge.ma\/les-hopitaux-approvisionnes-en-vaccins-anti-grippaux-et-anti-pneumocoques-151107\/\"><strong>Les h\u00f4pitaux approvisionn\u00e9s en vaccins anti-grippaux et anti-pneumocoques<\/strong><\/a><\/p>\n<p>Sur les 811 nouveaux cas enregistr\u00e9s hier, Tanger y a contribu\u00e9 \u00e0 hauteur de 427 cas, le double du nombre enregistr\u00e9 la veille, soit 736 cas en moins de trois jours. Comment expliquer cette explosion\u00a0? Les autorit\u00e9s sanitaires justifient cette tendance par l\u2019augmentation du nombre de tests r\u00e9alis\u00e9s dans cette r\u00e9gion. Selon celles-ci, depuis quelques semaines, ce sont pas moins de 4.500 tests qui sont effectu\u00e9s par jour \u00e0 Tanger dans trois laboratoires publics et un quatri\u00e8me, un priv\u00e9, \u00e0 T\u00e9touan o\u00f9 le nombre de cas connait une forte hausse, obligeant les autorit\u00e9s sanitaires \u00e0 reprendre le transfert des cas asymptomatiques vers l\u2019h\u00f4pital de campagne de Benslimane. A noter qu\u2019outre Casablanca-Settat et Tanger T\u00e9touan Al Hoceima, qui restent les plus touch\u00e9es, arrivent ensuite Marrakech-Safi (16,03%), F\u00e8s-Mekn\u00e8s (12,86%), Rabat-Sal\u00e9-Kenitra (11,02%), La\u00e2youne-Sakia El Hamra (4,24%), Dra\u00e2-Tafilalet (3,09%), Oriental (2%), Beni Mellal-Kh\u00e9nifra (1%) Guelmim Oued Noun (0,82%), Souss-Massa (0,57%), Dakhla-Oued Ed Dahab (0,32%).<\/p>\n<p><strong>Lire aussi|<\/strong><a href=\"https:\/\/www.challenge.ma\/coronavirus-811-nouveaux-cas-ces-dernieres-24-heures-16-282-guerisons-151007\/\"><strong>Coronavirus : 811 nouveaux cas ces derni\u00e8res 24 heures, 16.282 gu\u00e9risons<\/strong><\/a><\/p>\n<div class=\"vw-sticky-sidebar-wrapper vw-sticky-sidebar widget_text awac-wrapper widget_text awac widget custom_html-4 textwidget custom-html-widget\">\n<p class=\"has-background c12\"><span class=\"widget-title c11\">Tribune et D\u00e9bats<\/span><\/p>\n<p>La tribune qui vous parle d\u2019une actu, d\u2019un sujet qui fait d\u00e9bat, les traitent et les analysent. \u00c9conomistes et autres experts, patrons d\u2019entreprises, d\u00e9cideurs, acteurs de la soci\u00e9t\u00e9 civile, s\u2019y prononcent et contribuent \u00e0 sa grande richesse. Vous avez votre opinion, convergente ou diff\u00e9rente. Exprimez-la et mesurez-vous ainsi \u00e0 nos tribuns et d\u00e9batteurs.<\/p>\n<p>Envoyez vos analyses \u00e0 : <a href=\"\/cdn-cgi\/l\/email-protection#40232f2e34212334002328212c2c252e27256e2d21\"><span class=\"__cf_email__\" data-cfemail=\"e1828e8f95808295a18289808d8d848f8684cf8c80\">[email\u00a0protected]<\/span><\/a>, en pr\u00e9cisant votre nom, votre pr\u00e9nom et votre m\u00e9tier.<\/p>\n<\/div>\n<p>Auteur: Adama Sylla<br \/>\n<a href=\"https:\/\/www.challenge.ma\/contaminations-a-la-covid-19-tanger-sur-le-point-de-supplanter-casablanca-151136\/\">Cliquez ici pour lire l&rsquo;article depuis sa source.<\/a><\/p>\n","protected":false},"excerpt":{"rendered":"<p>Sur les 811 nouveaux cas enregistr\u00e9s hier samedi 25 juillet, Tanger y a contribu\u00e9 \u00e0 hauteur de 427 cas, le double du nombre enregistr\u00e9 la veille, soit 736 cas en moins de trois jours. La r\u00e9gion Tanger-T\u00e9touan-Al Hoceima est en passe de devenir la plus touch\u00e9e par la pand\u00e9mie devant Casablanca-Settat. Entre le vendredi 24 [&hellip;]<\/p>\n","protected":false},"author":1787,"featured_media":0,"comment_status":"closed","ping_status":"closed","sticky":false,"template":"","format":"standard","meta":{"fifu_image_url":"","fifu_image_alt":"","footnotes":""},"categories":[78,54],"tags":[],"class_list":["post-93692","post","type-post","status-publish","format-standard","hentry","category-economie","category-maroc"],"_links":{"self":[{"href":"https:\/\/linitiative.ca\/International\/wp-json\/wp\/v2\/posts\/93692","targetHints":{"allow":["GET"]}}],"collection":[{"href":"https:\/\/linitiative.ca\/International\/wp-json\/wp\/v2\/posts"}],"about":[{"href":"https:\/\/linitiative.ca\/International\/wp-json\/wp\/v2\/types\/post"}],"author":[{"embeddable":true,"href":"https:\/\/linitiative.ca\/International\/wp-json\/wp\/v2\/users\/1787"}],"replies":[{"embeddable":true,"href":"https:\/\/linitiative.ca\/International\/wp-json\/wp\/v2\/comments?post=93692"}],"version-history":[{"count":0,"href":"https:\/\/linitiative.ca\/International\/wp-json\/wp\/v2\/posts\/93692\/revisions"}],"wp:attachment":[{"href":"https:\/\/linitiative.ca\/International\/wp-json\/wp\/v2\/media?parent=93692"}],"wp:term":[{"taxonomy":"category","embeddable":true,"href":"https:\/\/linitiative.ca\/International\/wp-json\/wp\/v2\/categories?post=93692"},{"taxonomy":"post_tag","embeddable":true,"href":"https:\/\/linitiative.ca\/International\/wp-json\/wp\/v2\/tags?post=93692"}],"curies":[{"name":"wp","href":"https:\/\/api.w.org\/{rel}","templated":true}]}}