{"id":93708,"date":"2020-07-26T15:19:26","date_gmt":"2020-07-26T19:19:26","guid":{"rendered":"https:\/\/linitiative.ca\/International\/election-a-la-presidence-de-la-fbf-une-finale-lazare-bansse-amado-traore\/"},"modified":"2020-07-26T15:19:26","modified_gmt":"2020-07-26T19:19:26","slug":"election-a-la-presidence-de-la-fbf-une-finale-lazare-bansse-amado-traore","status":"publish","type":"post","link":"https:\/\/linitiative.ca\/International\/election-a-la-presidence-de-la-fbf-une-finale-lazare-bansse-amado-traore\/","title":{"rendered":"Election \u00e0 la pr\u00e9sidence de la FBF Une finale Lazare Banss\u00e9-Amado Traor\u00e9"},"content":{"rendered":"<div class=\"td-post-featured-image\"><a href=\"https:\/\/www.sidwaya.info\/wp-content\/uploads\/2020\/07\/fbfsid27.jpg\" data-caption=\"\"><img loading=\"lazy\" decoding=\"async\" width=\"696\" height=\"522\" class=\"entry-thumb td-modal-image\" src=\"https:\/\/www.sidwaya.info\/wp-content\/uploads\/2020\/07\/fbfsid27-696x522.jpg\" srcset=\"https:\/\/www.sidwaya.info\/wp-content\/uploads\/2020\/07\/fbfsid27-696x522.jpg 696w, https:\/\/www.sidwaya.info\/wp-content\/uploads\/2020\/07\/fbfsid27-300x225.jpg 300w, https:\/\/www.sidwaya.info\/wp-content\/uploads\/2020\/07\/fbfsid27-560x420.jpg 560w, https:\/\/www.sidwaya.info\/wp-content\/uploads\/2020\/07\/fbfsid27-80x60.jpg 80w, https:\/\/www.sidwaya.info\/wp-content\/uploads\/2020\/07\/fbfsid27-265x198.jpg 265w, https:\/\/www.sidwaya.info\/wp-content\/uploads\/2020\/07\/fbfsid27.jpg 763w\" sizes=\"auto, (max-width: 696px) 100vw, 696px\" alt=\"\" title=\"fbfsid27\"\/><\/a><\/div>\n<p><strong>L\u2019\u00e9lection du pr\u00e9sident de la F\u00e9d\u00e9ration burkinab\u00e8 de football (FBF) opposera le 22 ao\u00fbt prochain \u00e0 Bobo-Dioulasso, Lazare Banss\u00e9 \u00e0 Amado Traor\u00e9. C\u2019est le verdict donn\u00e9 au cours d\u2019une conf\u00e9rence de presse, le vendredi 24 juillet, au Centre technique national \u00e0 Ouagadougou, par la commission \u00e9lectorale qui a valid\u00e9 les dossiers des deux pr\u00e9tendants au perchoir de la fa\u00eeti\u00e8re du football burkinab\u00e8. Trois candidats ont \u00e9t\u00e9 recal\u00e9s.<\/strong><\/p>\n<p>Le verdict est tomb\u00e9 vendredi dernier quant \u00e0 liste des candidats en course pour l\u2019\u00e9lection \u00e0 la pr\u00e9sidence de la FBF. L\u2019on aura droit \u00e0 un un face-\u00e0-face Lazare Banss\u00e9 \u2013 Amado Traor\u00e9. Un duel auquel on s\u2019attendait. Apr\u00e8s examen des dossiers en pl\u00e9ni\u00e8re ce vendredi 24 juillet au Centre technique national qui abrite le si\u00e8ge de la FBF, la Commission \u00e9lectorale pr\u00e9sid\u00e9e par l\u2019ancien pr\u00e9sident de la FBF, Zambend\u00e9 Th\u00e9odore Sawadogo, a d\u00e9clar\u00e9 recevables les candidatures de Lazare Banss\u00e9 et de Amado Traor\u00e9. L\u2019audience de validation des dossiers s\u2019est d\u00e9roul\u00e9e devant les 5 postulants ou leur repr\u00e9sentant.<\/p>\n<p>Trois candidats recal\u00e9s<\/p>\n<div class=\"td-a-rec td-a-rec-id-content_inline tdi_30_aa8 td_block_template_1\"><img loading=\"lazy\" decoding=\"async\" class=\"aligncenter size-full wp-image-21314\" src=\"https:\/\/www.sidwaya.info\/wp-content\/uploads\/2020\/04\/Bandeau-Covid-19-Sidwaya-1.jpg\" alt=\"\" width=\"790\" height=\"98\"\/><\/div>\n<p>Mory Sanou, Abdoul Karim Baguian dit \u00ab Lota \u00bb et Bertrand Kabor\u00e9 sont les trois candidats qui ont \u00e9t\u00e9 recal\u00e9s. Selon le pr\u00e9sident de la commission \u00e9lectorale, ils n\u2019ont pas respect\u00e9 les dispositions du code \u00e9lectoral (absence de pi\u00e8ces exig\u00e9es ou pi\u00e8ces non conformes pour la candidature). Pour Bertrand Kabor\u00e9, il a \u00e9t\u00e9 constat\u00e9 dans son dossier, \u00ab l\u2019absence de lettres de parrainage des Ligues r\u00e9gionales, des clubs de D1, du club de D2, de m\u00eame qu\u2019un certificat de r\u00e9sidence, le candidat ayant produit une quittance de paiement de la taxe avec un avis d\u2019imposition \u00bb.<br \/>Chez Mory Sanou, il n\u2019existait pas de lettres de parrainage des Ligues r\u00e9gionales, des clubs de D1, des clubs de D2, des clubs de D3. Le 3e candidat Abdoul Karim Baguian dit \u00ab Lota \u00bb n\u2019a pas, selon le pr\u00e9sident Zambend\u00e9 Sawadogo, fourni les lettres de parrainage des Ligues r\u00e9gionales, des clubs de D1, des club de D2. A cela s\u2019ajoute la non-conformit\u00e9 de sa Carte nationale d\u2019identit\u00e9 burkinab\u00e8 (CNIB) parce qu\u2019il a livr\u00e9 une copie non l\u00e9galis\u00e9e. Tous ces r\u00e9sultats ont \u00e9t\u00e9 signifi\u00e9s aux candidats par voie d\u2019huissier selon le pr\u00e9sident de la Commission \u00e9lectorale. Les candidats ont 72 heures pour exercer un recours s\u2019ils ne sont pas d\u2019accord sur le rejet de leur candidature. Selon Zambend\u00e9 Th\u00e9odore Sawadogo, \u00e0 l\u2019entame de l\u2019audience, les repr\u00e9sentants des candidats Baguian Abdoul Karim et Bertrand Kabor\u00e9 n\u2019ont pas souhait\u00e9 assister \u00e0 la s\u00e9ance et ont quitt\u00e9 la salle.<br \/>\u00ab C\u2019est leur droit \u00bb, a-t-il ajout\u00e9. Il ressort \u00e9galement qu\u2019aucun des trois candidats \u00e0 la candidature de la pr\u00e9sidence de la FBF n\u2019a d\u00e9pos\u00e9 son dossier avec une quittance du versement des 2 millions exig\u00e9s.<\/p>\n<p>Comment la Commission \u00e9lectorale a travaill\u00e9 ?<\/p>\n<p>Mise en place par l\u2019Assembl\u00e9e g\u00e9n\u00e9rale du 8 ao\u00fbt 2019, la Commission \u00e9lectorale (CE) s\u2019est tout de suite mise au travail en posant deux actes \u00e0 savoir, l\u2019\u00e9lection en son sein du bureau, notamment un pr\u00e9sident (Zambend\u00e9 Th\u00e9odore Sawadogo, un vice-pr\u00e9sident (le magistrat Patrick Christian L\u00e9onard Kabor\u00e9) et un rapporteur (le magistrat Wal\u00e9 Gontran Som\u00e9). Elle a aussi \u00e9labor\u00e9 un programme de travail jusqu\u2019\u00e0 l\u2019\u00e9lection du nouveau pr\u00e9sident de la FBF.<br \/>La commission compte en son sein deux membres. Il s\u2019agit de Am\u00e9d\u00e9e Ou\u00e9draogo (magistrat) et Emmanuel Zida (greffier).<br \/>Pour ce qui est du 2e acte, la CE est all\u00e9e \u00e0 la rencontre de l\u2019\u00e9lectorat de la FBF \u00e0 travers le regroupement des Ligues dans quatre sites que sont Bobo-Dioulasso,Tenkodogo, Ziniar\u00e9 et Ouagadougou. L\u2019objectif, selon Zambend\u00e9 Th\u00e9odore Sawadogo, a \u00e9t\u00e9 de revisiter toutes les dispositions du code \u00e9lectoral avec les \u00e9lecteurs pour une bonne lecture de son contenu afin de conduire les \u00e9lections de fa\u00e7on transparente et \u00e9quitable. Les rencontres ont \u00e9galement permis d\u2019\u00e9laborer un chronogramme d\u2019activit\u00e9s relatif \u00e0 la proc\u00e9dure pour les \u00e9lections. La r\u00e9ception des dossiers de candidature s\u2019est donc d\u00e9roul\u00e9e du 13 au 24 juillet avec le verdict de la validation. 5 dossiers avaient \u00e9t\u00e9 re\u00e7us par la CE et deux candidatures ont \u00e9t\u00e9 valid\u00e9es. \u00ab La CE remercie l\u2019ensemble du corps \u00e9lectoral. Nous leur avons signifi\u00e9 les r\u00e9sultats de cet examen par voie d\u2019huissier. Toutefois s\u2019ils ne sont pas d\u2019accord avec ces r\u00e9sultats, il leur est loisible d\u2019exercer les recours aupr\u00e8s des instances comp\u00e9tentes \u00bb, a mentionn\u00e9 le pr\u00e9sident Zambend\u00e9. La liste des candidatures valid\u00e9es sera publi\u00e9e le lundi 27 juillet 2020. La campagne pour l\u2019\u00e9lection s\u2019ouvre le 7 ao\u00fbt prochain et se referme le 20 ao\u00fbt. C\u2019est le 22 ao\u00fbt 2020 que l\u2019\u00e9lection du pr\u00e9sident de la FBF se d\u00e9roulera \u00e0 Bobo-Dioulasso. Le nouveau pr\u00e9sident \u00e9lu succ\u00e8dera au pr\u00e9sident sortant, Sita Sangar\u00e9, pour un mandat de 4 ans.<\/p>\n<p>Adama SALAMBERE<\/p>\n<div class=\"td-a-rec td-a-rec-id-content_bottom tdi_31_bfb td_block_template_1\"><img loading=\"lazy\" decoding=\"async\" class=\"aligncenter size-full wp-image-22415\" src=\"https:\/\/www.sidwaya.info\/wp-content\/uploads\/2020\/05\/Bandeau-paiement-mobile-site.png\" alt=\"\" width=\"728\" height=\"90\"\/><\/div>\n<p>Auteur: BM. Sidwaya<br \/>\n<a href=\"https:\/\/www.sidwaya.info\/blog\/2020\/07\/26\/election-a-la-presidence-de-la-fbf-une-finale-lazare-bansse-amado-traore\/\">Cliquez ici pour lire l&rsquo;article depuis sa source.<\/a><\/p>\n","protected":false},"excerpt":{"rendered":"<p>L\u2019\u00e9lection du pr\u00e9sident de la F\u00e9d\u00e9ration burkinab\u00e8 de football (FBF) opposera le 22 ao\u00fbt prochain \u00e0 Bobo-Dioulasso, Lazare Banss\u00e9 \u00e0 Amado Traor\u00e9. C\u2019est le verdict donn\u00e9 au cours d\u2019une conf\u00e9rence de presse, le vendredi 24 juillet, au Centre technique national \u00e0 Ouagadougou, par la commission \u00e9lectorale qui a valid\u00e9 les dossiers des deux pr\u00e9tendants au [&hellip;]<\/p>\n","protected":false},"author":1816,"featured_media":93709,"comment_status":"closed","ping_status":"closed","sticky":false,"template":"","format":"standard","meta":{"fifu_image_url":"","fifu_image_alt":"","footnotes":""},"categories":[73,81],"tags":[],"class_list":["post-93708","post","type-post","status-publish","format-standard","has-post-thumbnail","hentry","category-actualite","category-burkina-faso"],"_links":{"self":[{"href":"https:\/\/linitiative.ca\/International\/wp-json\/wp\/v2\/posts\/93708","targetHints":{"allow":["GET"]}}],"collection":[{"href":"https:\/\/linitiative.ca\/International\/wp-json\/wp\/v2\/posts"}],"about":[{"href":"https:\/\/linitiative.ca\/International\/wp-json\/wp\/v2\/types\/post"}],"author":[{"embeddable":true,"href":"https:\/\/linitiative.ca\/International\/wp-json\/wp\/v2\/users\/1816"}],"replies":[{"embeddable":true,"href":"https:\/\/linitiative.ca\/International\/wp-json\/wp\/v2\/comments?post=93708"}],"version-history":[{"count":0,"href":"https:\/\/linitiative.ca\/International\/wp-json\/wp\/v2\/posts\/93708\/revisions"}],"wp:featuredmedia":[{"embeddable":true,"href":"https:\/\/linitiative.ca\/International\/wp-json\/"}],"wp:attachment":[{"href":"https:\/\/linitiative.ca\/International\/wp-json\/wp\/v2\/media?parent=93708"}],"wp:term":[{"taxonomy":"category","embeddable":true,"href":"https:\/\/linitiative.ca\/International\/wp-json\/wp\/v2\/categories?post=93708"},{"taxonomy":"post_tag","embeddable":true,"href":"https:\/\/linitiative.ca\/International\/wp-json\/wp\/v2\/tags?post=93708"}],"curies":[{"name":"wp","href":"https:\/\/api.w.org\/{rel}","templated":true}]}}