{"id":93710,"date":"2020-07-26T15:22:21","date_gmt":"2020-07-26T19:22:21","guid":{"rendered":"https:\/\/linitiative.ca\/International\/ecole-nationale-de-sous-officiers-dactive\/"},"modified":"2020-07-26T15:22:21","modified_gmt":"2020-07-26T19:22:21","slug":"ecole-nationale-de-sous-officiers-dactive","status":"publish","type":"post","link":"https:\/\/linitiative.ca\/International\/ecole-nationale-de-sous-officiers-dactive\/","title":{"rendered":"Ecole nationale de sous-officiers d\u2019active"},"content":{"rendered":"<div class=\"td-post-featured-image\"><a href=\"https:\/\/www.sidwaya.info\/wp-content\/uploads\/2020\/07\/souofficier27.jpg\" data-caption=\"\"><img loading=\"lazy\" decoding=\"async\" width=\"578\" height=\"386\" class=\"entry-thumb td-modal-image\" src=\"https:\/\/www.sidwaya.info\/wp-content\/uploads\/2020\/07\/souofficier27.jpg\" srcset=\"https:\/\/www.sidwaya.info\/wp-content\/uploads\/2020\/07\/souofficier27.jpg 578w, https:\/\/www.sidwaya.info\/wp-content\/uploads\/2020\/07\/souofficier27-300x200.jpg 300w\" sizes=\"auto, (max-width: 578px) 100vw, 578px\" alt=\"\" title=\"souofficier27\"\/><\/a><\/div>\n<p><strong>La c\u00e9r\u00e9monie officielle de fin de formation de la 11e promotion de l\u2019Ecole nationale de sous-officiers d\u2019active (ENSOA) s\u2019est d\u00e9roul\u00e9e, le vendredi 24 juillet 2020, \u00e0 Kamboinsin, au Nord de Ouagadougou. La cuv\u00e9e 2018-2020, fort de 79 stagiaires, a \u00e9t\u00e9 baptis\u00e9e \u00ab D\u00e9termination \u00bb.<\/strong><\/p>\n<p>A l\u2019issue de leur admission \u00e0 l\u2019Ecole nationale de sous-officiers d\u2019active (ENSOA), le 24 novembre 2018, sur un effectif de 85 stagiaires, 79 dont une fille int\u00e8grent d\u00e9sormais la grande muette, apr\u00e8s deux ans de formation militaire. Dans les rangs, se sont distingu\u00e9s le major de la promotion, Aristide Gambou\u00e9 du Burkina Faso avec une moyenne de 15,44 et celui des pays amis, Mohamed Lamine Fall du S\u00e9n\u00e9gal avec une moyenne de 15,28. Leur aptitude en g\u00e9n\u00e9ral, \u00e0 relever les d\u00e9fis s\u00e9curitaires, a \u00e9t\u00e9 confirm\u00e9e lors d\u2019une c\u00e9r\u00e9monie officielle de fin de formation, en pr\u00e9sence du ministre d\u2019Etat, ministre de la D\u00e9fense nationale et des Anciens combattants, Moumina Ch\u00e9riff Sy, de la hi\u00e9rarchie militaire, de parents et amis. L\u2019\u00e9v\u00e8nement s\u2019est d\u00e9roul\u00e9 sous le parrainage du colonel-major Vinta Som\u00e9, dans l\u2019enceinte de l\u2019ENSOA au camp militaire, G\u00e9n\u00e9ral Bila-Zagr\u00e9, \u00e0 Kamboinsin, le vendredi 24 juillet 2020. Conform\u00e9ment \u00e0 la devise de leur \u00e9cole, \u00ab S\u2019\u00e9lever par le savoir et l\u2019excellence pour servir \u00bb, les stagiaires de la 11e promotion de l\u2019ENSOA (66 Burkinab\u00e8 et 13 ressortissants du Mali, Niger, C\u00f4te d\u2019Ivoire, S\u00e9n\u00e9gal, Tchad, Centrafrique et Togo) ont re\u00e7u leurs \u00e9paulettes de sergent avec pour nom de bapt\u00eame \u00ab D\u00e9termination \u00bb. Selon le d\u00e9l\u00e9gu\u00e9 de la promotion, Abdoul Rachid Ou\u00e9draogo, leur apprentissage a \u00e9t\u00e9 jalonn\u00e9 de th\u00e9orie et de pratiques en trois \u00e9tapes. En effet, a-t-il expliqu\u00e9, ils ont d\u2019abord d\u00e9couvert les fondements du m\u00e9tier militaire, ses traditions, surtout celles propres \u00e0 l\u2019ENSOA et subi des d\u00e9fis physiques et moraux, le tout sanctionn\u00e9 par la pr\u00e9sentation aux couleurs nationales, apr\u00e8s trois mois. Ensuite, ce fut, a indiqu\u00e9 Abdoul Rachid Ou\u00e9draogo, la premi\u00e8re ann\u00e9e avec la cons\u00e9cration au statut de chefs d\u2019\u00e9quipe (caporaux) pr\u00eats et aptes \u00e0 conduire une \u00e9quipe de combat.<br \/>Enfin, a-t-il dit, la deuxi\u00e8me ann\u00e9e a \u00e9t\u00e9 marqu\u00e9e par l\u2019octroi du dipl\u00f4me de certificat d\u2019aptitude n\u00b02 (grade de sergent), suivi de stages (instruction sur le tir au combat, informatique, natation, secourisme, etc.) et des conf\u00e9rences.<\/p>\n<p>Reconnaissance au commandement<\/p>\n<div class=\"td-a-rec td-a-rec-id-content_inline tdi_30_f85 td_block_template_1\"><img loading=\"lazy\" decoding=\"async\" class=\"aligncenter size-full wp-image-21314\" src=\"https:\/\/www.sidwaya.info\/wp-content\/uploads\/2020\/04\/Bandeau-Covid-19-Sidwaya-1.jpg\" alt=\"\" width=\"790\" height=\"98\"\/><\/div>\n<p>\u00ab La 11e promotion est pr\u00eate \u00e0 servir, peu importe l\u00e0 o\u00f9 on l\u2019appellera et \u00e0 emprunter les sentiers de gloire trac\u00e9s par ses illustres a\u00een\u00e9s \u00bb, a lanc\u00e9 le d\u00e9l\u00e9gu\u00e9 de la promotion au chef d\u2019\u00e9tat-major g\u00e9n\u00e9ral des arm\u00e9es, le g\u00e9n\u00e9ral de brigade, Mo\u00efse Miningou. Le chef de bataillon, le commandant de l\u2019ENSOA, Armand Michel Ou\u00e9draogo, a rench\u00e9ri que les 79 \u00e9l\u00e8ves sous-officiers d\u2019active (ESOA) sont comp\u00e9tents pour l\u2019emploi de sous-officiers. Toutefois, il a exprim\u00e9 la n\u00e9cessit\u00e9 du rajeunissement et du renforcement de l\u2019effectif du personnel, de la consolidation du parc automobile, de la r\u00e9fection ou la construction de l\u2019ENSOA \u00abvieillissante \u00bb pour l\u2019adapter aux effectifs du moment. \u00abL\u2019ENSOA se pr\u00e9sente comme un outil essentiel du commandement dans la transmission des comp\u00e9tences du niveau des cadres de proximit\u00e9 des Forces arm\u00e9es nationales (FAN).<br \/>Il convient donc qu\u2019elle soit redimensionn\u00e9e en parfaite ad\u00e9quation avec les ambitions du commandement mais aussi avec les exigences op\u00e9rationnelles actuelles \u00bb, a-t-il appuy\u00e9. Aux sortants, il a lanc\u00e9 un appel d\u2019instruire leurs hommes en tant que bons chefs de groupe pour qu\u2019ils aient confiance en eux au combat. Le commandant de l\u2019ENSOA a, par ailleurs, \u00e9t\u00e9 reconnaissant au commandement pour son soutien \u00ab sans faille \u00bb et \u00e0 la Bank of Africa pour son appui aux meilleurs \u00e9l\u00e8ves. Aux dires du Chef d\u2019\u00e9tat-major de l\u2019arm\u00e9e de terre (CEMAT), le colonel Gilles Bationo, la COVID-19 n\u2019a entam\u00e9 en rien la d\u00e9termination de bien conduire la formation \u00e0 son terme. Il a rappel\u00e9 aux nouveaux promus que le Burkina Faso attend beaucoup d\u2019eux dans la lutte contre le terrorisme, tout en invitant les chefs militaires de la cha\u00eene de commandement \u00e0 les employer judicieusement. Il a demand\u00e9 au parrain un accompagnement pour la bonification de la carri\u00e8re de ses filleuls. Au d\u00e9but de la c\u00e9r\u00e9monie, une minute de silence a \u00e9t\u00e9 observ\u00e9e \u00e0 la m\u00e9moire de deux stagiaires nationaux d\u00e9c\u00e9d\u00e9s lors de la formation.<\/p>\n<p>Boukary<br \/>BONKOUNGOU<\/p>\n<div class=\"td-a-rec td-a-rec-id-content_bottom tdi_31_551 td_block_template_1\"><img loading=\"lazy\" decoding=\"async\" class=\"aligncenter size-full wp-image-22415\" src=\"https:\/\/www.sidwaya.info\/wp-content\/uploads\/2020\/05\/Bandeau-paiement-mobile-site.png\" alt=\"\" width=\"728\" height=\"90\"\/><\/div>\n<p>Auteur: BM. Sidwaya<br \/>\n<a href=\"https:\/\/www.sidwaya.info\/blog\/2020\/07\/26\/ecole-nationale-de-sous-officiers-dactive\/\">Cliquez ici pour lire l&rsquo;article depuis sa source.<\/a><\/p>\n","protected":false},"excerpt":{"rendered":"<p>La c\u00e9r\u00e9monie officielle de fin de formation de la 11e promotion de l\u2019Ecole nationale de sous-officiers d\u2019active (ENSOA) s\u2019est d\u00e9roul\u00e9e, le vendredi 24 juillet 2020, \u00e0 Kamboinsin, au Nord de Ouagadougou. La cuv\u00e9e 2018-2020, fort de 79 stagiaires, a \u00e9t\u00e9 baptis\u00e9e \u00ab D\u00e9termination \u00bb. A l\u2019issue de leur admission \u00e0 l\u2019Ecole nationale de sous-officiers d\u2019active [&hellip;]<\/p>\n","protected":false},"author":1816,"featured_media":93711,"comment_status":"closed","ping_status":"closed","sticky":false,"template":"","format":"standard","meta":{"fifu_image_url":"","fifu_image_alt":"","footnotes":""},"categories":[73,81],"tags":[],"class_list":["post-93710","post","type-post","status-publish","format-standard","has-post-thumbnail","hentry","category-actualite","category-burkina-faso"],"_links":{"self":[{"href":"https:\/\/linitiative.ca\/International\/wp-json\/wp\/v2\/posts\/93710","targetHints":{"allow":["GET"]}}],"collection":[{"href":"https:\/\/linitiative.ca\/International\/wp-json\/wp\/v2\/posts"}],"about":[{"href":"https:\/\/linitiative.ca\/International\/wp-json\/wp\/v2\/types\/post"}],"author":[{"embeddable":true,"href":"https:\/\/linitiative.ca\/International\/wp-json\/wp\/v2\/users\/1816"}],"replies":[{"embeddable":true,"href":"https:\/\/linitiative.ca\/International\/wp-json\/wp\/v2\/comments?post=93710"}],"version-history":[{"count":0,"href":"https:\/\/linitiative.ca\/International\/wp-json\/wp\/v2\/posts\/93710\/revisions"}],"wp:featuredmedia":[{"embeddable":true,"href":"https:\/\/linitiative.ca\/International\/wp-json\/"}],"wp:attachment":[{"href":"https:\/\/linitiative.ca\/International\/wp-json\/wp\/v2\/media?parent=93710"}],"wp:term":[{"taxonomy":"category","embeddable":true,"href":"https:\/\/linitiative.ca\/International\/wp-json\/wp\/v2\/categories?post=93710"},{"taxonomy":"post_tag","embeddable":true,"href":"https:\/\/linitiative.ca\/International\/wp-json\/wp\/v2\/tags?post=93710"}],"curies":[{"name":"wp","href":"https:\/\/api.w.org\/{rel}","templated":true}]}}