{"id":93745,"date":"2020-07-26T15:03:36","date_gmt":"2020-07-26T19:03:36","guid":{"rendered":"https:\/\/linitiative.ca\/International\/interdiction-des-deplacements-de-et-vers-plusieurs-villes-communique\/"},"modified":"2020-07-26T15:03:36","modified_gmt":"2020-07-26T19:03:36","slug":"interdiction-des-deplacements-de-et-vers-plusieurs-villes-communique","status":"publish","type":"post","link":"https:\/\/linitiative.ca\/International\/interdiction-des-deplacements-de-et-vers-plusieurs-villes-communique\/","title":{"rendered":"Interdiction des d\u00e9placements de et vers plusieurs villes (communiqu\u00e9)"},"content":{"rendered":"<div readability=\"47\">\n<p>Tenant compte de la hausse consid\u00e9rable, ces derniers jours, des cas de contamination \u00e0 la Covid-19 dans plusieurs pr\u00e9fectures et provinces, il a \u00e9t\u00e9 d\u00e9cid\u00e9 d\u2019interdire, \u00e0 compter de ce dimanche 26 juillet \u00e0 minuit, les d\u00e9placements de et vers les villes de Tanger, T\u00e9touan, F\u00e8s, Mekn\u00e8s, Casablanca, Berrechid, Settat et Marrakech, a indiqu\u00e9 dimanche un communiqu\u00e9 conjoint des minist\u00e8res de l\u2019Int\u00e9rieur et de la Sant\u00e9.<\/p>\n<\/div>\n<div readability=\"68\">\n<p>Voici la traduction int\u00e9grale du communiqu\u00e9:<\/p>\n<p>Tenant compte de la hausse consid\u00e9rable, ces derniers jours, des cas de contamination au Covid-19 dans plusieurs pr\u00e9fectures et provinces;<\/p>\n<p>Et en se basant sur les conclusions du suivi quotidien et de l\u2019\u00e9valuation p\u00e9riodique de la situation \u00e9pid\u00e9miologique de notre pays;<\/p>\n<p>Et dans le cadre du renforcement des mesures prises pour lutter contre la propagation de cette pand\u00e9mie;<\/p>\n<p>Il a \u00e9t\u00e9 d\u00e9cid\u00e9, \u00e0 compter de ce dimanche 26 juillet \u00e0 minuit, d\u2019interdire les d\u00e9placements de et vers les villes de Tanger, T\u00e9touan, F\u00e8s, Mekn\u00e8s, Casablanca, Berrechid, Settat et Marrakech.<\/p>\n<div dir=\"auto\" readability=\"31\">\n<p>Sont exclues de cette d\u00e9cision les personnes \u00e0 besoins m\u00e9dicaux urgents, les personnes travaillant dans les secteurs public et priv\u00e9 munies d\u2019ordres de mission d\u00e9livr\u00e9s par leurs responsables, \u00e0 condition d\u2019obtenir une autorisation sp\u00e9ciale de d\u00e9placement d\u00e9livr\u00e9e par les autorit\u00e9s locales.<\/p>\n<p>A noter que cette interdiction ne s\u2019applique pas au transport de marchandises et des produits de base qui se d\u00e9roule dans des conditions normales et fluides pour approvisionner les citoyens en leurs besoins quotidiens.<\/p>\n<p>Cette d\u00e9cision a \u00e9t\u00e9 prise au regard du non-respect par la majorit\u00e9 des citoyens des mesures de pr\u00e9ventions, en l\u2019occurrence la distanciation sociale, le port du masque, l\u2019usage des d\u00e9sinfectants, malgr\u00e9 leur disponibilit\u00e9 en grande quantit\u00e9 dans les march\u00e9s, entra\u00eenant la propagation de l\u2019infection et la hausse des cas confirm\u00e9s.<\/p>\n<p>Face \u00e0 cette situation, les autorit\u00e9s publiques appellent les citoyens au strict respect de ces mesures sous peine de mesures r\u00e9pressives rigoureuses, conform\u00e9ment \u00e0 la loi.<\/p>\n<\/div>\n<\/div>\n<p>Auteur: Meriem IGASS<br \/>\n<a href=\"http:\/\/www.mapmarrakech.ma\/fr\/interdiction-des-deplacements-de-et-vers-plusieurs-villes-communique-conjoint\/\">Cliquez ici pour lire l&rsquo;article depuis sa source.<\/a><\/p>\n","protected":false},"excerpt":{"rendered":"<p>Tenant compte de la hausse consid\u00e9rable, ces derniers jours, des cas de contamination \u00e0 la Covid-19 dans plusieurs pr\u00e9fectures et provinces, il a \u00e9t\u00e9 d\u00e9cid\u00e9 d\u2019interdire, \u00e0 compter de ce dimanche 26 juillet \u00e0 minuit, les d\u00e9placements de et vers les villes de Tanger, T\u00e9touan, F\u00e8s, Mekn\u00e8s, Casablanca, Berrechid, Settat et Marrakech, a indiqu\u00e9 dimanche [&hellip;]<\/p>\n","protected":false},"author":1788,"featured_media":0,"comment_status":"closed","ping_status":"closed","sticky":false,"template":"","format":"standard","meta":{"fifu_image_url":"","fifu_image_alt":"","footnotes":""},"categories":[54,76],"tags":[],"class_list":["post-93745","post","type-post","status-publish","format-standard","hentry","category-maroc","category-regions"],"_links":{"self":[{"href":"https:\/\/linitiative.ca\/International\/wp-json\/wp\/v2\/posts\/93745","targetHints":{"allow":["GET"]}}],"collection":[{"href":"https:\/\/linitiative.ca\/International\/wp-json\/wp\/v2\/posts"}],"about":[{"href":"https:\/\/linitiative.ca\/International\/wp-json\/wp\/v2\/types\/post"}],"author":[{"embeddable":true,"href":"https:\/\/linitiative.ca\/International\/wp-json\/wp\/v2\/users\/1788"}],"replies":[{"embeddable":true,"href":"https:\/\/linitiative.ca\/International\/wp-json\/wp\/v2\/comments?post=93745"}],"version-history":[{"count":0,"href":"https:\/\/linitiative.ca\/International\/wp-json\/wp\/v2\/posts\/93745\/revisions"}],"wp:attachment":[{"href":"https:\/\/linitiative.ca\/International\/wp-json\/wp\/v2\/media?parent=93745"}],"wp:term":[{"taxonomy":"category","embeddable":true,"href":"https:\/\/linitiative.ca\/International\/wp-json\/wp\/v2\/categories?post=93745"},{"taxonomy":"post_tag","embeddable":true,"href":"https:\/\/linitiative.ca\/International\/wp-json\/wp\/v2\/tags?post=93745"}],"curies":[{"name":"wp","href":"https:\/\/api.w.org\/{rel}","templated":true}]}}