{"id":93807,"date":"2020-07-27T16:02:36","date_gmt":"2020-07-27T20:02:36","guid":{"rendered":"https:\/\/linitiative.ca\/International\/tunisie-retour-au-confinement-obligatoire-pour-les-individus-venant-des-pays-en-zones-rouge-et-orange\/"},"modified":"2020-07-27T16:02:36","modified_gmt":"2020-07-27T20:02:36","slug":"tunisie-retour-au-confinement-obligatoire-pour-les-individus-venant-des-pays-en-zones-rouge-et-orange","status":"publish","type":"post","link":"https:\/\/linitiative.ca\/International\/tunisie-retour-au-confinement-obligatoire-pour-les-individus-venant-des-pays-en-zones-rouge-et-orange\/","title":{"rendered":"Tunisie \u2013 Retour au confinement obligatoire pour les individus venant des pays en zones rouge et orange"},"content":{"rendered":"<div class=\"post-cont-in left relative\">\n<p>La pr\u00e9sidence du gouvernement a d\u00e9cid\u00e9, au vue de la d\u00e9t\u00e9rioration de la situation \u00e9pid\u00e9miologique de la Covid, dans le monde et en Tunisie, de revenir au syst\u00e8me de confinement obligatoire pour les personnes venant de pays class\u00e9s zone rouge. Et ce, m\u00eame pour les enfants de moins de 12 ans.<\/p>\n<div class=\"code-block code-block-1 c3\"><ins class=\"adsbygoogle c2\" data-ad-layout=\"in-article\" data-ad-format=\"fluid\" data-ad-client=\"ca-pub-2102118777505746\" data-ad-slot=\"7301775417\"\/> <\/div>\n<p>Par ailleurs, les individus venant de pays class\u00e9s zone orange et n\u2019\u00e9tant pas en possession d\u2019un test RT-PCR, \u00e0 leur arriv\u00e9e, devront se soumettre \u00e0 une p\u00e9riode de confinement obligatoire d\u2019au moins trois jours, le temps que les autorit\u00e9s sanitaires v\u00e9rifient leur statut viral. Si ce test s\u2019av\u00e8re n\u00e9gatif, ils pourront sortir du centre de confinement obligatoire et terminer la p\u00e9riode en auto-confinement. A noter que le test viral qui leur sera pratiqu\u00e9 se fera \u00e0 leurs frais.<\/p>\n<div class=\"swp_social_panel swp_horizontal_panel swp_flat_fresh swp_default_full_color swp_individual_full_color swp_other_full_color scale-100 scale-\" data-min-width=\"1100\" data-float-color=\"#ffffff\" data-float=\"bottom\" data-float-mobile=\"bottom\" data-transition=\"slide\">\n<div class=\"nc_tweetContainer swp_share_button total_shares total_sharesalt\"><span class=\"swp_count\">20 <span class=\"swp_label\">Partages<\/span><\/span><\/div>\n<\/div>\n<p><strong>Que se passe-t-il en Tunisie?<\/strong><br \/>Nous expliquons sur notre <a href=\"https:\/\/www.youtube.com\/channel\/UCRzypVq0B_yBad5eGrwBx0Q?sub_confirmation=1\" target=\"_blank\" rel=\"noopener noreferrer\">cha\u00eene YouTube<\/a> . <a href=\"https:\/\/www.youtube.com\/channel\/UCRzypVq0B_yBad5eGrwBx0Q?sub_confirmation=1\" target=\"_blank\" rel=\"noopener noreferrer\">Abonnez-vous!<\/a><\/p>\n<div class=\"mvp-org-wrap mvp-org-logo\" itemprop=\"publisher\" itemscope=\"\" itemtype=\"https:\/\/schema.org\/Organization\"><img decoding=\"async\" src=\"https:\/\/www.tunisienumerique.com\/wp-content\/uploads\/2017\/02\/logo_tunisie_numerique.png\"\/><\/div>\n<div class=\"mvp-related-posts left relative\">\n<h4 class=\"post-header\"><span class=\"post-header\">Lire aussi<\/span><\/h4>\n<\/div>\n<div id=\"article-ad\"><ins class=\"adsbygoogle c4\" data-ad-client=\"ca-pub-2102118777505746\" data-ad-slot=\"6513972734\" data-ad-format=\"auto\" data-full-width-responsive=\"true\"\/> <\/div>\n<\/div>\n<div id=\"post-sidebar-wrap\"><ins class=\"adsbygoogle c4\" data-ad-client=\"ca-pub-2102118777505746\" data-ad-slot=\"6168283410\" data-ad-format=\"auto\" data-full-width-responsive=\"true\"\/> <\/div>\n<p>Auteur: LM<br \/>\n<a href=\"https:\/\/www.tunisienumerique.com\/tunisie-retour-au-confinement-obligatoire-pour-les-individus-venant-des-pays-en-zones-rouge-et-orange\/\">Cliquez ici pour lire l&rsquo;article depuis sa source.<\/a><\/p>\n","protected":false},"excerpt":{"rendered":"<p>La pr\u00e9sidence du gouvernement a d\u00e9cid\u00e9, au vue de la d\u00e9t\u00e9rioration de la situation \u00e9pid\u00e9miologique de la Covid, dans le monde et en Tunisie, de revenir au syst\u00e8me de confinement obligatoire pour les personnes venant de pays class\u00e9s zone rouge. Et ce, m\u00eame pour les enfants de moins de 12 ans. Par ailleurs, les individus [&hellip;]<\/p>\n","protected":false},"author":1789,"featured_media":93808,"comment_status":"closed","ping_status":"closed","sticky":false,"template":"","format":"standard","meta":{"fifu_image_url":"","fifu_image_alt":"","footnotes":""},"categories":[73,55],"tags":[],"class_list":["post-93807","post","type-post","status-publish","format-standard","has-post-thumbnail","hentry","category-actualite","category-tunisie"],"_links":{"self":[{"href":"https:\/\/linitiative.ca\/International\/wp-json\/wp\/v2\/posts\/93807","targetHints":{"allow":["GET"]}}],"collection":[{"href":"https:\/\/linitiative.ca\/International\/wp-json\/wp\/v2\/posts"}],"about":[{"href":"https:\/\/linitiative.ca\/International\/wp-json\/wp\/v2\/types\/post"}],"author":[{"embeddable":true,"href":"https:\/\/linitiative.ca\/International\/wp-json\/wp\/v2\/users\/1789"}],"replies":[{"embeddable":true,"href":"https:\/\/linitiative.ca\/International\/wp-json\/wp\/v2\/comments?post=93807"}],"version-history":[{"count":0,"href":"https:\/\/linitiative.ca\/International\/wp-json\/wp\/v2\/posts\/93807\/revisions"}],"wp:featuredmedia":[{"embeddable":true,"href":"https:\/\/linitiative.ca\/International\/wp-json\/"}],"wp:attachment":[{"href":"https:\/\/linitiative.ca\/International\/wp-json\/wp\/v2\/media?parent=93807"}],"wp:term":[{"taxonomy":"category","embeddable":true,"href":"https:\/\/linitiative.ca\/International\/wp-json\/wp\/v2\/categories?post=93807"},{"taxonomy":"post_tag","embeddable":true,"href":"https:\/\/linitiative.ca\/International\/wp-json\/wp\/v2\/tags?post=93807"}],"curies":[{"name":"wp","href":"https:\/\/api.w.org\/{rel}","templated":true}]}}