{"id":93815,"date":"2020-07-26T18:17:54","date_gmt":"2020-07-26T22:17:54","guid":{"rendered":"https:\/\/linitiative.ca\/International\/election-presidentielle-de-2020-eddie-komboigo-du-cdp-dans-la-course-au-fauteuil\/"},"modified":"2020-07-26T18:17:54","modified_gmt":"2020-07-26T22:17:54","slug":"election-presidentielle-de-2020-eddie-komboigo-du-cdp-dans-la-course-au-fauteuil","status":"publish","type":"post","link":"https:\/\/linitiative.ca\/International\/election-presidentielle-de-2020-eddie-komboigo-du-cdp-dans-la-course-au-fauteuil\/","title":{"rendered":"Election pr\u00e9sidentielle de 2020 Eddie Kombo\u00efgo du CDP, dans la course au fauteuil"},"content":{"rendered":"<div class=\"td-post-featured-image\"><a href=\"https:\/\/www.sidwaya.info\/wp-content\/uploads\/2020\/07\/cdpedi27-1.jpg\" data-caption=\"\"><img loading=\"lazy\" decoding=\"async\" width=\"481\" height=\"520\" class=\"entry-thumb td-modal-image\" src=\"https:\/\/www.sidwaya.info\/wp-content\/uploads\/2020\/07\/cdpedi27-1.jpg\" srcset=\"https:\/\/www.sidwaya.info\/wp-content\/uploads\/2020\/07\/cdpedi27-1.jpg 481w, https:\/\/www.sidwaya.info\/wp-content\/uploads\/2020\/07\/cdpedi27-1-278x300.jpg 278w, https:\/\/www.sidwaya.info\/wp-content\/uploads\/2020\/07\/cdpedi27-1-389x420.jpg 389w\" sizes=\"auto, (max-width: 481px) 100vw, 481px\" alt=\"\" title=\"cdpedi27\"\/><\/a><\/div>\n<p><strong>Eddie Kombo\u00efgo a \u00e9t\u00e9 officiellement investi candidat du Congr\u00e8s pour la d\u00e9mocratie et le progr\u00e8s (CDP), au terme d\u2019un congr\u00e8s extraordinaire du parti, tenu le dimanche 26 juillet 2020, \u00e0 Ouagadougou, en pr\u00e9sence des militants venus des quatre coins du pays.<\/strong><\/p>\n<p>Le Congr\u00e8s pour la d\u00e9mocratie et le progr\u00e8s (CDP) vient d\u2019enclencher son processus de reconqu\u00eate du palais pr\u00e9sidentiel de Kosyam avec l\u2019investiture de son candidat \u00e0 l\u2019\u00e9lection pr\u00e9sidentielle du 22 novembre 2020 au Burkina Faso, en la personne d\u2019Eddie Kombo\u00efgo. La c\u00e9r\u00e9monie d\u2019investiture officielle du candidat est intervenue au terme d\u2019un congr\u00e8s extraordinaire du parti, tenu le dimanche 26 juillet 2020, au palais des sports de Ouaga 2000. Ainsi, les congressistes venus des quatre coins du pays ont donn\u00e9 leur confiance au pr\u00e9sident du CDP, pour d\u00e9fendre les couleurs du parti lors des batailles \u00e9lectorales \u00e0 venir. C\u2019est le 1er vice-pr\u00e9sident du CDP, Achille Tapsoba, qui a dirig\u00e9 le c\u00e9r\u00e9monial du choix du candidat Eddie Kombo\u00efgo par l\u2019instance supr\u00eame du parti. Le candidat de l\u2019ex-parti majoritaire a d\u2019abord exprim\u00e9 sa reconnaissance \u00e0 tous les militants pour la confiance plac\u00e9e en lui pour reconqu\u00e9rir le pouvoir en novembre prochain. \u00ab Je mesure l\u2019immensit\u00e9 de la charge et de la responsabilit\u00e9 du pr\u00e9sident du Faso \u2026. Mais, je m\u2019engage ici et maintenant \u00e0 \u0153uvrer avec tous les militants du CDP et m\u00eame au-del\u00e0 de notre parti, \u00e0 rassembler tous les Burkinab\u00e8 qui aspirent au changement dans un vaste mouvement progressiste, pour arracher la victoire au soir du 22 novembre 2020 \u00bb, a-t-il d\u00e9clar\u00e9. Eddie Kombo\u00efgo a ajout\u00e9 qu\u2019il est convaincu que rien ne pourra arr\u00eater la marche du CDP vers la victoire finale.<\/p>\n<p>Restaurer le Burkina en cinq ans<\/p>\n<div class=\"td-a-rec td-a-rec-id-content_inline tdi_30_a97 td_block_template_1\"><img loading=\"lazy\" decoding=\"async\" class=\"aligncenter size-full wp-image-21314\" src=\"https:\/\/www.sidwaya.info\/wp-content\/uploads\/2020\/04\/Bandeau-Covid-19-Sidwaya-1.jpg\" alt=\"\" width=\"790\" height=\"98\"\/><\/div>\n<p>Le candidat nouvellement investi n\u2019a pas pass\u00e9 sous silence la situation s\u00e9curitaire du Burkina Faso, marqu\u00e9e par des attaques men\u00e9es par des groupes arm\u00e9s qui jusque-l\u00e0 ne sont pas encore formellement identifi\u00e9s.<br \/>De l\u2019avis de M. Kombo\u00efgo, l\u2019aggravation de la crise s\u00e9curitaire est imputable au pouvoir en place qui agit dans le t\u00e2tonnement. \u00ab Cette d\u00e9gradation d\u00e9note de l\u2019inefficacit\u00e9 des approches et des solutions, de l\u2019absence de vision du r\u00e9gime et de la gouvernance qui le caract\u00e9rise \u00bb, a-t-il pr\u00e9cis\u00e9. D\u00e9plorant les d\u00e9placements massifs des populations qu\u2019a entra\u00een\u00e9 l\u2019ins\u00e9curit\u00e9, le pr\u00e9sidentiable a fait le pari de ramener le Burkina Faso sur les rails si les \u00e9lecteurs lui accordent leurs voix. \u00ab Je veux impulser au Burkina Faso une gouvernance nouvelle, fond\u00e9e sur les valeurs d\u00e9mocratiques et celles h\u00e9rit\u00e9es de nos anc\u00eatres pour en faire \u00e0 l\u2019or\u00e9e 2025, un pays enti\u00e8rement restaur\u00e9 o\u00f9 r\u00e8gnent la paix, la coh\u00e9sion et l\u2019unit\u00e9 nationale ; un pays de prosp\u00e9rit\u00e9 partag\u00e9e dans la justice et la fraternit\u00e9 \u00bb, a promis M. Kombo\u00efgo. Il a par ailleurs rendu hommage au fondateur du CDP, l\u2019ex-pr\u00e9sident Blaise Compaor\u00e9 dont la vision reste, selon lui, une ligne directrice.<br \/>Pour le chef de file de l\u2019opposition (CFOP), Z\u00e9phirin Diabr\u00e9, cette investiture consacre le retour du CDP aux affaires. Saluant les rapports \u00ab excellents \u00bb entre les partis membres du CFOP, il a fait savoir que tous iront \u00e0 la comp\u00e9tition mais en cas de second tour, ils feront bloc derri\u00e8re le parti de l\u2019opposition repr\u00e9sent\u00e9. \u00ab Face aux gouvernants actuels, il faut que nous fassions preuve d\u2019union afin que l\u2019alternance soit une r\u00e9alit\u00e9 \u00e0 l\u2019issue des futures batailles \u00e9lectorales \u00bb, a-t-il estim\u00e9.<br \/>L\u2019\u00e9v\u00e9nement a connu la pr\u00e9sence des anciens du parti tels que M\u00e9l\u00e9gu\u00e9 Traor\u00e9, Ars\u00e8ne Bongnessan Y\u00e9 et Luc Adophe Tiao. A l\u2019occasion, une pl\u00e9iade d\u2019artistes dont Dez Altino et Bamogo de Nob\u00e9r\u00e9 ont rivalis\u00e9 d\u2019\u00e9loges \u00e0 l\u2019endroit du candidat Eddie Kombo\u00efgo.<\/p>\n<p>Beyon Romain NEBIE<br \/>beynebie@gmail.com<\/p>\n<p>\u2026\u2026\u2026\u2026\u2026\u2026\u2026\u2026\u2026\u2026\u2026\u2026\u2026\u2026\u2026\u2026\u2026\u2026\u2026\u2026\u2026\u2026\u2026\u2026\u2026\u2026\u2026\u2026\u2026\u2026\u2026\u2026\u2026\u2026\u2026\u2026\u2026\u2026\u2026\u2026\u2026\u2026.<\/p>\n<p>Les coulisses du congr\u00e8s d\u2019investiture du CDP<\/p>\n<p>Pari r\u00e9ussi selon un congressiste<br \/>Apr\u00e8s le Mouvement du peuple pour le progr\u00e8s (MPP), l\u2019Union pour le progr\u00e8s et le changement (UPC), le Congr\u00e8s pour la d\u00e9mocratie et le progr\u00e8s (CDP) a fait salle comble hier au palais des Sports de Ouaga 2000 \u00e0 l\u2019occasion du congr\u00e8s extraordinaire d\u2019investiture de son candidat, Eddie Kombo\u00efgo. Un pari r\u00e9ussi pour des militants du parti de l\u2019ex-pr\u00e9sident Blaise Compaor\u00e9. \u00ab C\u2019est du propre. J\u2019avais souhait\u00e9 qu\u2019on organise l\u2019investiture de notre champion au stade du 4-Ao\u00fbt. Vous voyez que la cuvette du palais des Sports est pleine \u00e0 craquer \u00bb, s\u2019est r\u00e9joui un inconditionnel militant du CDP. Le commis de l\u2019Etat \u00e0 la retraite se dit confiant quant \u00e0 la victoire de son champion \u00e0 la pr\u00e9sidentielle de novembre 2020. \u00ab Je vois ici un second tour o\u00f9 Eddie va remporter haut les mains \u00bb, a-t-il confi\u00e9 avec assurance.<\/p>\n<p>Bousculades autour des tee-shirts CDP<br \/>D\u2019autres militants moins \u00e2g\u00e9s que le sexag\u00e9naire ont la m\u00eame s\u00e9r\u00e9nit\u00e9. N\u2019ayant pas acc\u00e9der \u00e0 la salle, ils ne pr\u00e9sentent pas de signe de d\u00e9ception, bien au contraire. Ces fans du CDP scandent des slogans de victoire de leur candidat. Et pour montrer leur appartenance au \u00ab parti de l\u2019\u00e9pi et de la daba \u00bb, ils se ruent sur les membres de la commission charg\u00e9e de distribuer des tee-shirts \u00e0 l\u2019effigie du parti. Toute chose qui a perturb\u00e9 le bon d\u00e9roulement de l\u2019op\u00e9ration au point que les responsables ont \u00e9t\u00e9 oblig\u00e9s de faire appel \u00e0 la s\u00e9curit\u00e9 pour r\u00e9tablir l\u2019ordre.<\/p>\n<p>Des gadgets CDP, comme des petits pains<br \/>Dans ce brouhaha inhabituel de la cour et des alentours du palais des Sports, l\u2019ing\u00e9niosit\u00e9 de certains commer\u00e7ants attirent l\u2019attention des congressistes. Ils ont improvis\u00e9 une rue marchande o\u00f9 ils proposaient de multiples gadgets avec les logos du CDP ou \u00e0 l\u2019effigie du candidat EKO (Eddie Kombo\u00efgo). Ces articles se sont arrach\u00e9s comme de petits pains. \u00ab C\u2019est une mani\u00e8re de manifester mon attachement au CDP et nous sommes mobilis\u00e9s pour la victoire de notre candidat \u00bb, a d\u00e9clar\u00e9 un client qui s\u2019est procur\u00e9 un badge avec une photo de M. Kombo\u00efgo.<\/p>\n<p>Dez Altino \u00ab enflamme la salle \u00bb<br \/>A l\u2019int\u00e9rieur du palais, c\u2019est une foule acquise \u00e0 la cause du candidat du CDP \u00e0 la pr\u00e9sidentielle. D\u00e8s son entr\u00e9e en salle, une sc\u00e8ne de liesse s\u2019empare du palais. Eddie Kombo\u00efgo entame un bain de foule en commen\u00e7ant par saluer les chefs traditionnels mobilis\u00e9s pour la circonstance. La c\u00e9r\u00e9monie peut alors commencer. Elle est s\u00e9quenc\u00e9e de prestation musicale. A ce propos, l\u2019artiste-musicien Dez Altino a \u00ab enflamm\u00e9 \u00bb la salle avec son titre \u00ab Sampa Wend\u00e9 \u00bb tr\u00e8s cher au CDP et \u00e0 son pr\u00e9sident.<\/p>\n<p>Un lion dans la for\u00eat du CDP<br \/>Le pr\u00e9sident de l\u2019UPC, Z\u00e9phirin Diabr\u00e9 \u00e9tait de la partie. Accompagn\u00e9 d\u2019une forte d\u00e9l\u00e9gation, \u00ab le lion \u00bb s\u2019est invit\u00e9 dans la \u00ab for\u00eat bois\u00e9e du CDP \u00bb, pour saluer selon ses propres mots, la \u00ab gigantesque \u00bb mobilisation du parti membre du chef de file de l\u2019opposition politique. \u00ab Au nom de l\u2019UPC, nous vous f\u00e9licitons pour le succ\u00e8s de la c\u00e9r\u00e9monie \u00bb, a-t-il d\u00e9clar\u00e9. A l\u2019occasion, il a invit\u00e9 le CDP et les autres partis politiques de l\u2019opposition \u00e0 rester soud\u00e9s et vigilants contre ceux du pouvoir. Il a indiqu\u00e9 qu\u2019en cas de second tour, ils iront en rang serr\u00e9 pour la conqu\u00eate de Kosyam.<\/p>\n<p>Ablass\u00e9 Ou\u00e9draogo \u00e0 l\u2019investiture d\u2019Eddie Kombo\u00efgo<br \/>Le pr\u00e9sident de Le Faso autrement, Ablass\u00e9 Ou\u00e9draogo, ne s\u2019est pas fait conter l\u2019\u00e9v\u00e8nement. Ainsi, il a assist\u00e9 \u00e0 l\u2019investiture de Eddie Kombo\u00efgo. Approch\u00e9 par la presse, le responsable du parti non affili\u00e9 au CFOP n\u2019a pas voulu s\u2019exprimer. Il a plut\u00f4t donn\u00e9 rendez-vous au congr\u00e8s d\u2019investiture de sa formation politique.<\/p>\n<p>Rassembl\u00e9es par<br \/>Abdoulaye BALBONE<\/p>\n<div class=\"td-a-rec td-a-rec-id-content_bottom tdi_31_a41 td_block_template_1\"><img loading=\"lazy\" decoding=\"async\" class=\"aligncenter size-full wp-image-22415\" src=\"https:\/\/www.sidwaya.info\/wp-content\/uploads\/2020\/05\/Bandeau-paiement-mobile-site.png\" alt=\"\" width=\"728\" height=\"90\"\/><\/div>\n<p>Auteur: BM. Sidwaya<br \/>\n<a href=\"https:\/\/www.sidwaya.info\/blog\/2020\/07\/26\/election-presidentielle-de-2020-eddie-komboigo-du-cdp-dans-la-course-au-fauteuil\/\">Cliquez ici pour lire l&rsquo;article depuis sa source.<\/a><\/p>\n","protected":false},"excerpt":{"rendered":"<p>Eddie Kombo\u00efgo a \u00e9t\u00e9 officiellement investi candidat du Congr\u00e8s pour la d\u00e9mocratie et le progr\u00e8s (CDP), au terme d\u2019un congr\u00e8s extraordinaire du parti, tenu le dimanche 26 juillet 2020, \u00e0 Ouagadougou, en pr\u00e9sence des militants venus des quatre coins du pays. Le Congr\u00e8s pour la d\u00e9mocratie et le progr\u00e8s (CDP) vient d\u2019enclencher son processus de [&hellip;]<\/p>\n","protected":false},"author":1816,"featured_media":93816,"comment_status":"closed","ping_status":"closed","sticky":false,"template":"","format":"standard","meta":{"fifu_image_url":"","fifu_image_alt":"","footnotes":""},"categories":[73,81],"tags":[],"class_list":["post-93815","post","type-post","status-publish","format-standard","has-post-thumbnail","hentry","category-actualite","category-burkina-faso"],"_links":{"self":[{"href":"https:\/\/linitiative.ca\/International\/wp-json\/wp\/v2\/posts\/93815","targetHints":{"allow":["GET"]}}],"collection":[{"href":"https:\/\/linitiative.ca\/International\/wp-json\/wp\/v2\/posts"}],"about":[{"href":"https:\/\/linitiative.ca\/International\/wp-json\/wp\/v2\/types\/post"}],"author":[{"embeddable":true,"href":"https:\/\/linitiative.ca\/International\/wp-json\/wp\/v2\/users\/1816"}],"replies":[{"embeddable":true,"href":"https:\/\/linitiative.ca\/International\/wp-json\/wp\/v2\/comments?post=93815"}],"version-history":[{"count":0,"href":"https:\/\/linitiative.ca\/International\/wp-json\/wp\/v2\/posts\/93815\/revisions"}],"wp:featuredmedia":[{"embeddable":true,"href":"https:\/\/linitiative.ca\/International\/wp-json\/"}],"wp:attachment":[{"href":"https:\/\/linitiative.ca\/International\/wp-json\/wp\/v2\/media?parent=93815"}],"wp:term":[{"taxonomy":"category","embeddable":true,"href":"https:\/\/linitiative.ca\/International\/wp-json\/wp\/v2\/categories?post=93815"},{"taxonomy":"post_tag","embeddable":true,"href":"https:\/\/linitiative.ca\/International\/wp-json\/wp\/v2\/tags?post=93815"}],"curies":[{"name":"wp","href":"https:\/\/api.w.org\/{rel}","templated":true}]}}