{"id":93827,"date":"2020-07-27T15:18:06","date_gmt":"2020-07-27T19:18:06","guid":{"rendered":"https:\/\/linitiative.ca\/International\/mali-les-chefs-detat-de-la-cedeao-recommandent-la-mise-en-place-dun-gouvernement-dunion\/"},"modified":"2020-07-27T15:18:06","modified_gmt":"2020-07-27T19:18:06","slug":"mali-les-chefs-detat-de-la-cedeao-recommandent-la-mise-en-place-dun-gouvernement-dunion","status":"publish","type":"post","link":"https:\/\/linitiative.ca\/International\/mali-les-chefs-detat-de-la-cedeao-recommandent-la-mise-en-place-dun-gouvernement-dunion\/","title":{"rendered":"Mali : les chefs d\u2019Etat de la CEDEAO recommandent la mise en place d\u2019un gouvernement d\u2019union"},"content":{"rendered":"<div readability=\"32\">\n<p>Publi\u00e9 le 27.07.2020 \u00e0 20h18 par APA News<\/p>\n<\/div>\n<div readability=\"63\">\n<p>Les chefs d\u2019Etat et de gouvernement de la Communaut\u00e9 \u00e9conomique des \u00c9tats de l\u2019Afrique de l\u2019ouest (CEDEAO) ont tenu lundi par visioconf\u00e9rence un sommet extraordinaire \u00e0 l\u2019issue duquel ils ont recommand\u00e9 la mise en place d\u2019un gouvernement d\u2019union nationale au Mali avec la participation de l\u2019opposition et de la soci\u00e9t\u00e9 civile.L\u2019information a \u00e9t\u00e9 donn\u00e9e par Mahamadou Issoufou, le pr\u00e9sident nig\u00e9rien, par ailleurs pr\u00e9sident en exercice de cette institution qui rapportait le communiqu\u00e9 final de cette rencontre extraordinaire sur la situation sociopolitique au Mali.<\/p>\n<p>\u00a0Plusieurs autres recommandations ont \u00e9t\u00e9 faites par les chefs d\u2019\u00c9tat \u00e0 cette occasion. Il s\u2019agit entre autres, de la mise en place d\u2019une commission d\u2019enqu\u00eate pour situer les responsabilit\u00e9s dans les violences qui ont entrain\u00e9 des d\u00e9c\u00e8s, des bless\u00e9s et des d\u00e9g\u00e2ts dans ce pays les 10,11 et 12 juillet derniers.<\/p>\n<p>La recomposition de la Cour constitutionnelle, la d\u00e9mission imm\u00e9diate des 31 d\u00e9put\u00e9s dont l\u2019\u00e9lection est contest\u00e9e et la mise en place d\u2019un r\u00e9gime de sanction contre ceux qui poseront des actes contraires au r\u00e8glement de cette crise politique, figurent \u00e9galement sur la liste des recommandations.<\/p>\n<p>Poursuivant, le pr\u00e9sident nig\u00e9rien\u00a0\u00a0a dit l\u2019engagement des chefs d\u2019\u00c9tat de la CEDEAO \u00e0 promouvoir la paix et la stabilit\u00e9 au Mali.<\/p>\n<p>\u00ab La CEDEAO sera toujours pr\u00e9sente aux c\u00f4t\u00e9s du Mali\u00bb, a assur\u00e9 M. Issoufou pr\u00e9cisant que les d\u00e9cisions de ce sommet devraient \u00eatre mises en oeuvre au plus tard le 31 juillet prochain.<\/p>\n<p>Le Mali est confront\u00e9 depuis plusieurs mois \u00e0 une violente crise politique o\u00f9 les adversaires du\u00a0\u00a0pouvoir r\u00e9clament de plus en plus la d\u00e9mission du pr\u00e9sident Ibrahim Boubacar K\u00e9\u00efta dit IBK.<\/p>\n<\/div>\n<p>Auteur: APA News<br \/>\n<a href=\"https:\/\/www.journalducameroun.com\/mali-les-chefs-detat-de-la-cedeao-recommandent-la-mise-en-place-dun-gouvernement-dunion\/\">Cliquez ici pour lire l&rsquo;article depuis sa source.<\/a><\/p>\n","protected":false},"excerpt":{"rendered":"<p>Publi\u00e9 le 27.07.2020 \u00e0 20h18 par APA News Les chefs d\u2019Etat et de gouvernement de la Communaut\u00e9 \u00e9conomique des \u00c9tats de l\u2019Afrique de l\u2019ouest (CEDEAO) ont tenu lundi par visioconf\u00e9rence un sommet extraordinaire \u00e0 l\u2019issue duquel ils ont recommand\u00e9 la mise en place d\u2019un gouvernement d\u2019union nationale au Mali avec la participation de l\u2019opposition et [&hellip;]<\/p>\n","protected":false},"author":1965,"featured_media":0,"comment_status":"closed","ping_status":"closed","sticky":false,"template":"","format":"standard","meta":{"fifu_image_url":"","fifu_image_alt":"","footnotes":""},"categories":[73,82],"tags":[],"class_list":["post-93827","post","type-post","status-publish","format-standard","hentry","category-actualite","category-cameroun"],"_links":{"self":[{"href":"https:\/\/linitiative.ca\/International\/wp-json\/wp\/v2\/posts\/93827","targetHints":{"allow":["GET"]}}],"collection":[{"href":"https:\/\/linitiative.ca\/International\/wp-json\/wp\/v2\/posts"}],"about":[{"href":"https:\/\/linitiative.ca\/International\/wp-json\/wp\/v2\/types\/post"}],"author":[{"embeddable":true,"href":"https:\/\/linitiative.ca\/International\/wp-json\/wp\/v2\/users\/1965"}],"replies":[{"embeddable":true,"href":"https:\/\/linitiative.ca\/International\/wp-json\/wp\/v2\/comments?post=93827"}],"version-history":[{"count":0,"href":"https:\/\/linitiative.ca\/International\/wp-json\/wp\/v2\/posts\/93827\/revisions"}],"wp:attachment":[{"href":"https:\/\/linitiative.ca\/International\/wp-json\/wp\/v2\/media?parent=93827"}],"wp:term":[{"taxonomy":"category","embeddable":true,"href":"https:\/\/linitiative.ca\/International\/wp-json\/wp\/v2\/categories?post=93827"},{"taxonomy":"post_tag","embeddable":true,"href":"https:\/\/linitiative.ca\/International\/wp-json\/wp\/v2\/tags?post=93827"}],"curies":[{"name":"wp","href":"https:\/\/api.w.org\/{rel}","templated":true}]}}