{"id":93851,"date":"2020-07-28T10:55:37","date_gmt":"2020-07-28T14:55:37","guid":{"rendered":"https:\/\/linitiative.ca\/International\/pour-une-approche-politique-et-democratique-du-processus-electoral\/"},"modified":"2020-07-28T10:55:37","modified_gmt":"2020-07-28T14:55:37","slug":"pour-une-approche-politique-et-democratique-du-processus-electoral","status":"publish","type":"post","link":"https:\/\/linitiative.ca\/International\/pour-une-approche-politique-et-democratique-du-processus-electoral\/","title":{"rendered":"Pour une approche politique et d\u00e9mocratique du processus \u00e9lectoral"},"content":{"rendered":"<p class=\"c2\"><strong>Par Abdeslam Seddiki<\/strong><\/p>\n<p class=\"has-text-color c3\"><strong>Sauf r\u00e9vision du calendrier\u00a0 pour\u00a0 force majeure de derni\u00e8re heure, l\u2019ann\u00e9e 2021 sera une ann\u00e9e \u00e9lectorale par excellence. Ainsi, les \u00e9lectrices et \u00e9lecteurs seront appel\u00e9s aux urnes pour s\u2019exprimer sur le renouvellement des diff\u00e9rentes instances repr\u00e9sentatives pr\u00e9vues par la constitution\u00a0: collectivit\u00e9s territoriales, Chambres professionnelles, \u00e9lections professionnelles, Chambre des Repr\u00e9sentants, Chambre des Conseillers. Le tout doit \u00eatre boucl\u00e9 avant la date butoir de l\u2019ouverture de la session parlementaire devant avoir lieu le deuxi\u00e8me vendredi d\u2019octobre 2021.<\/strong><\/p>\n<p>C\u2019est dire que le temps presse mais nous n\u2019avons gu\u00e8re le choix si nous\u00a0 tenons \u00e0 respecter la Constitution et nous inscrire dans le cadre de la normalit\u00e9. C\u2019est du moins dans cette perspective d\u00e9mocratique\u00a0 que les diff\u00e9rents acteurs de la vie politique nationale travaillent sous la houlette du Minist\u00e8re de l\u2019Int\u00e9rieur qui a proc\u00e9d\u00e9 \u00e0 l\u2019ouverture du cycle des consultations et concertations.<\/p>\n<p>Bien s\u00fbr, il ne s\u2019agira pas de la tenue des \u00e9lections juste pour la forme. Les \u00e9lections \u00a0doivent constituer un moment fort dans le processus de consolidation d\u00e9mocratique et de mobilisation populaire, en tenant compte de\u00a0 l\u2019\u00e9volution du pays, des modifications de sa carte politique et d\u00e9mographique,\u00a0 des aspirations de sa jeunesse et des principales cat\u00e9gories de la population notamment du mouvement f\u00e9minin, de ses d\u00e9fis pr\u00e9sents et futurs, de son environnement r\u00e9gional et international. Il s\u2019agit, en somme, de d\u00e9finir autant que faire se peut d\u2019une fa\u00e7on\u00a0 consensuelle, une approche politique, d\u00e9mocratique et r\u00e9nov\u00e9e qui devrait constituer\u00a0 l\u2019habillage du processus \u00e9lectoral dans son ensemble.<\/p>\n<p>Autrement dit, la discussion sur la \u00abtechnologie \u00e9lectorale\u00bb\u00a0 (listes \u00e9lectorales, modes de scrutin, \u00a0seuil \u00e9lectoral, \u00a0bureaux de vote, op\u00e9ration votative,\u00a0 jour du scrutin, financement\u00a0\u2026.) n\u2019aurait de sens que par rapport\u00a0 aux objectifs globaux \u00e0 atteindre et les priorit\u00e9s de notre pays\u00a0 pour les ann\u00e9es \u00e0 venir en ayant pr\u00e9sent \u00e0 l\u2019esprit deux param\u00e8tres de taille\u00a0: l\u2019essoufflement du mod\u00e8le de d\u00e9veloppement en cours et la mise en \u0153uvre probable\u00a0\u00a0 d\u2019un nouveau mod\u00e8le de d\u00e9veloppement d\u2019une part et les imp\u00e9ratifs du Maroc post-Covid d\u2019autre part.<\/p>\n<p>L\u2019on sait, \u00a0en effet, que dans le cadre des concertations\u00a0 en cours avec\u00a0 les partis politiques, le Ministre de l\u2019Int\u00e9rieur a sollicit\u00e9 ces derniers \u00e0 lui soumettre leurs propositions, \u00e0 charge pour le Minist\u00e8re de l\u2019Int\u00e9rieur, d\u2019\u00e9laborer une synth\u00e8se\u00a0 des diff\u00e9rents memoranda pour d\u00e9gager des points communs et des points de divergence.<\/p>\n<p>On ne le dira jamais assez. Les \u00e9lections c\u2019est d\u2019abord une question politique. Qu\u2019il s\u2019agisse du r\u00f4le des \u00e9lites r\u00e9gionales et nationales, de la place de la femme dans les instances d\u00e9mocratiques, de la participation de la jeunesse,\u00a0 des Marocains R\u00e9sidents \u00e0 l\u2019Etranger, de la qualit\u00e9 des d\u00e9bats au sein du parlement, de l\u2019\u00e9galit\u00e9 des chances des diff\u00e9rents protagonistes,\u00a0 du sens du pluralisme, de la probit\u00e9 de l\u2019op\u00e9ration \u00e9lectorale et de la cr\u00e9dibilit\u00e9 des institutions\u2026 la r\u00e9ponse ne peut \u00eatre que politique. La mise en \u0153uvre, par contre, est l\u2019affaire des sp\u00e9cialistes. C\u2019est dans ce sens que le m\u00e9morandum pr\u00e9sent\u00e9\u00a0 par les trois partis de l\u2019opposition, \u00e0 savoir le PI, le PAM et le PPS,\u00a0 rev\u00eat \u00a0toute sa pertinence m\u00eame s\u2019il reste perfectible sur plus d\u2019un aspect en mati\u00e8re de propositions, disons \u00e0 caract\u00e8re technique.<\/p>\n<p>Par exemple, quand ledit m\u00e9morandum pr\u00e9conise la cr\u00e9ation d\u2019une \u00abcommission nationale des \u00e9lections\u00bb, il ne s\u2019agit nullement de r\u00e9duire le r\u00f4le du Minist\u00e8re\u00a0 de l\u2019Int\u00e9rieur\u00a0 en la mati\u00e8re comme\u00a0 le pr\u00e9sente\u00a0 une certaine lecture simpliste. Au contraire, le r\u00f4le du Minist\u00e8re de l\u2019Int\u00e9rieur demeurera pr\u00e9pond\u00e9rant comme c\u2019est le cas dans tous les pays d\u00e9mocratiques, gagnera, avec la commission, en\u00a0 efficacit\u00e9 et donnera ainsi plus de cr\u00e9dibilit\u00e9 aux \u00e9lections.<\/p>\n<p>Il en est de m\u00eame des propositions\u00a0 relatives au mode de scrutin et de l\u2019unification du seuil \u00e9lectoral entre les diff\u00e9rentes consultations\u00a0 \u00e0 3% des voix. Celles-ci d\u00e9coulent des questions politiques analys\u00e9es auparavant.\u00a0 Sachant, il va sans dire, qu\u2019il n\u2019y a pas de mode de scrutin id\u00e9al et valable en toutes circonstances.\u00a0 Le pays a int\u00e9r\u00eat, eu \u00e9gard \u00e0 la phase historique qu\u2019il traverse, \u00e0 faire un panachage cr\u00e9atif entre le scrutin uninominal et la proportionnelle int\u00e9grale.<\/p>\n<p>Le mode de scrutin propos\u00e9 a un double avantage\u00a0: il est inclusif tout en \u00e9vitant la balkanisation du champ politique d\u2019une part et renforce la d\u00e9centralisation et la d\u00e9concentration en faisant de la R\u00e9gion un lieu de comp\u00e9tition politique, \u00a0d\u2019\u00e9mergence des \u00e9lites \u00a0et \u00a0l\u2019\u00e9closion d\u2019un Etat territorial d\u2019autre part.<\/p>\n<p>Dans le m\u00eame ordre d\u2019id\u00e9es, un certain nombre de propositions se justifient par le souci de rationalisation y compris des d\u00e9penses budg\u00e9taires affect\u00e9es aux \u00e9lections, du temps consacr\u00e9\u00a0 aux campagnes \u00e9lectorales et du calendrier des diff\u00e9rentes op\u00e9rations votatives. Tout le monde sait que la d\u00e9mocratie a un co\u00fbt financier que la communaut\u00e9, le contribuable, doit consentir. Mais, on pourrait atteindre un meilleur r\u00e9sultat en termes de transparence, sans aggraver le niveau des d\u00e9penses, rien qu\u2019en privil\u00e9giant\u00a0 l\u2019efficacit\u00e9 et la rationalisation.<\/p>\n<p>Reste la garantie de la probit\u00e9 du processus dans son ensemble. Celle-ci d\u00e9pend de \u00a0de tous les \u00a0acteurs en\u00a0 pr\u00e9sence. L\u2019administration a sa responsabilit\u00e9, en ce sens qu\u2019elle ne doit pas se contenter \u00a0d\u2019observer une \u00a0certaine neutralit\u00e9 \u00abn\u00e9gative\u00bb comme elle le faisait par le pass\u00e9. Les partis\u00a0 politiques ont\u00a0 le devoir d\u2019\u00eatre\u00a0 plus regardants sur les\u00a0 accr\u00e9ditations et le choix des candidates et candidats. La soci\u00e9t\u00e9 civile pourrait jouer son r\u00f4le de veille. Les citoyens, et en premier lieu les intellectuels, ne doivent pas\u00a0 rester de simples spectateurs, ou dans le meilleur des cas d\u00e9verser leur flot de critiques ex-post\u00a0 faisant ainsi \u00a0le jeu des ennemis de la d\u00e9mocratie.<\/p>\n<p>Chacun de nous, quelle que soit sa position sociale\u00a0 dispose d\u2019un pouvoir \u00e9gal. Ne laissons pas aux autres la possibilit\u00e9 de l\u2019exercer \u00e0 notre place.\u00a0 C\u2019est \u00e0 nous tous et nous toutes de participer au jeu\u2026.d\u00e9mocratique. Nul besoin d\u2019une loi contraignante.<\/p>\n<p>Auteur: M&rsquo;hammed rahal<br \/>\n<a href=\"http:\/\/albayane.press.ma\/pour-une-approche-politique-et-democratique-du-processus-electoral.html\">Cliquez ici pour lire l&rsquo;article depuis sa source.<\/a><\/p>\n","protected":false},"excerpt":{"rendered":"<p>Par Abdeslam Seddiki Sauf r\u00e9vision du calendrier\u00a0 pour\u00a0 force majeure de derni\u00e8re heure, l\u2019ann\u00e9e 2021 sera une ann\u00e9e \u00e9lectorale par excellence. Ainsi, les \u00e9lectrices et \u00e9lecteurs seront appel\u00e9s aux urnes pour s\u2019exprimer sur le renouvellement des diff\u00e9rentes instances repr\u00e9sentatives pr\u00e9vues par la constitution\u00a0: collectivit\u00e9s territoriales, Chambres professionnelles, \u00e9lections professionnelles, Chambre des Repr\u00e9sentants, Chambre des Conseillers. [&hellip;]<\/p>\n","protected":false},"author":1760,"featured_media":0,"comment_status":"closed","ping_status":"closed","sticky":false,"template":"","format":"standard","meta":{"fifu_image_url":"","fifu_image_alt":"","footnotes":""},"categories":[73,54],"tags":[],"class_list":["post-93851","post","type-post","status-publish","format-standard","hentry","category-actualite","category-maroc"],"_links":{"self":[{"href":"https:\/\/linitiative.ca\/International\/wp-json\/wp\/v2\/posts\/93851","targetHints":{"allow":["GET"]}}],"collection":[{"href":"https:\/\/linitiative.ca\/International\/wp-json\/wp\/v2\/posts"}],"about":[{"href":"https:\/\/linitiative.ca\/International\/wp-json\/wp\/v2\/types\/post"}],"author":[{"embeddable":true,"href":"https:\/\/linitiative.ca\/International\/wp-json\/wp\/v2\/users\/1760"}],"replies":[{"embeddable":true,"href":"https:\/\/linitiative.ca\/International\/wp-json\/wp\/v2\/comments?post=93851"}],"version-history":[{"count":0,"href":"https:\/\/linitiative.ca\/International\/wp-json\/wp\/v2\/posts\/93851\/revisions"}],"wp:attachment":[{"href":"https:\/\/linitiative.ca\/International\/wp-json\/wp\/v2\/media?parent=93851"}],"wp:term":[{"taxonomy":"category","embeddable":true,"href":"https:\/\/linitiative.ca\/International\/wp-json\/wp\/v2\/categories?post=93851"},{"taxonomy":"post_tag","embeddable":true,"href":"https:\/\/linitiative.ca\/International\/wp-json\/wp\/v2\/tags?post=93851"}],"curies":[{"name":"wp","href":"https:\/\/api.w.org\/{rel}","templated":true}]}}