{"id":93864,"date":"2020-07-28T06:18:13","date_gmt":"2020-07-28T10:18:13","guid":{"rendered":"https:\/\/linitiative.ca\/International\/covid-19-visite-de-la-gare-ferroviaire-pour-sinformer-des-mesures\/"},"modified":"2020-07-28T06:18:13","modified_gmt":"2020-07-28T10:18:13","slug":"covid-19-visite-de-la-gare-ferroviaire-pour-sinformer-des-mesures","status":"publish","type":"post","link":"https:\/\/linitiative.ca\/International\/covid-19-visite-de-la-gare-ferroviaire-pour-sinformer-des-mesures\/","title":{"rendered":"Covid-19: Visite de la gare ferroviaire pour s\u2019informer des mesures"},"content":{"rendered":"<div class=\"single-featured\"><img alt=\"\" data-src=\"http:\/\/www.mapmarrakech.ma\/map\/uploads\/2020\/07\/gare-routi&#xE8;re-Benguerir-copier.jpg\"\/><\/div>\n<div class=\"single-post-excerpt post-excerpt-bc\" readability=\"40\">\n<p>Benguerir (province de Rehamna) \u2013 Le gouverneur de la province de Rehamna, Aziz Bouignane, a effectu\u00e9, dimanche, une visite \u00e0 la gare ferroviaire de Benguerir pour s\u2019enqu\u00e9rir de pr\u00e8s du respect et de l\u2019application des mesures en vigueur pour enrayer la propagation de la Covid-19, notamment en cette p\u00e9riode marqu\u00e9e par l\u2019affluence des voyageurs \u00e0 l\u2019occasion de l\u2019A\u00efd Al-Adha.<\/p>\n<\/div>\n<div class=\"entry-content clearfix single-post-content\" readability=\"63\">\n<p>Un communiqu\u00e9 de la pr\u00e9fecture de la province indique que le gouverneur et la d\u00e9l\u00e9gation des services s\u00e9curitaires l\u2019accompagnant, ont ainsi pris connaissance du respect des consignes et des mesures prises au niveau de cette infrastructure pour endiguer la propagation du nouveau coronavirus.<\/p>\n<p>Cette visite a \u00e9t\u00e9 l\u2019occasion pour la d\u00e9l\u00e9gation de s\u2019informer des actions et des efforts d\u00e9ploy\u00e9s par les services de s\u00e9curit\u00e9 et l\u2019Office national des Chemins de Fer (ONCF), pour assurer une meilleure gestion de cette gare ferroviaire qui enregistre une affluence importante durant cette p\u00e9riode co\u00efncidant avec la c\u00e9l\u00e9bration de la f\u00eate du sacrifice.<\/p>\n<p>Le gouverneur et la d\u00e9l\u00e9gation l\u2019accompagnant ont, par la m\u00eame occasion, constat\u00e9 de visu l\u2019adh\u00e9sion effective et l\u2019interaction des voyageurs avec les diff\u00e9rentes mesures prises pour ma\u00eetriser la propagation de la pand\u00e9mie.<\/p>\n<p>L\u2019autorit\u00e9 provinciale a appel\u00e9, \u00e0 cette occasion, l\u2019ensemble des citoyens, en g\u00e9n\u00e9ral, et les voyageurs, en particulier, \u00e0 se conformer aux consignes de s\u00e9curit\u00e9 sanitaire et \u00e0 continuer \u00e0 faire preuve d\u2019esprit de patriotisme et de responsabilit\u00e9 en respectant \u00e0 la lettre les mesures de pr\u00e9caution pr\u00e9conis\u00e9es.<\/p>\n<p>Cette visite est intervenue imm\u00e9diatement \u00e0 l\u2019issue de la r\u00e9union pr\u00e9sid\u00e9e le m\u00eame jour par le gouverneur de la province, afin de discuter des mesures pr\u00e9ventives entreprises pour enrayer la propagation de la pand\u00e9mie de la Covid-19.<\/p>\n<\/div>\n<p>Auteur: Meriem IGASS<br \/>\n<a href=\"http:\/\/www.mapmarrakech.ma\/fr\/visite-de-terrain-pour-senquerir-des-mesures-preventives-dans-la-gare-ferroviaire\/\">Cliquez ici pour lire l&rsquo;article depuis sa source.<\/a><\/p>\n","protected":false},"excerpt":{"rendered":"<p>Benguerir (province de Rehamna) \u2013 Le gouverneur de la province de Rehamna, Aziz Bouignane, a effectu\u00e9, dimanche, une visite \u00e0 la gare ferroviaire de Benguerir pour s\u2019enqu\u00e9rir de pr\u00e8s du respect et de l\u2019application des mesures en vigueur pour enrayer la propagation de la Covid-19, notamment en cette p\u00e9riode marqu\u00e9e par l\u2019affluence des voyageurs \u00e0 [&hellip;]<\/p>\n","protected":false},"author":1788,"featured_media":93865,"comment_status":"closed","ping_status":"closed","sticky":false,"template":"","format":"standard","meta":{"fifu_image_url":"","fifu_image_alt":"","footnotes":""},"categories":[54,76],"tags":[],"class_list":["post-93864","post","type-post","status-publish","format-standard","has-post-thumbnail","hentry","category-maroc","category-regions"],"_links":{"self":[{"href":"https:\/\/linitiative.ca\/International\/wp-json\/wp\/v2\/posts\/93864","targetHints":{"allow":["GET"]}}],"collection":[{"href":"https:\/\/linitiative.ca\/International\/wp-json\/wp\/v2\/posts"}],"about":[{"href":"https:\/\/linitiative.ca\/International\/wp-json\/wp\/v2\/types\/post"}],"author":[{"embeddable":true,"href":"https:\/\/linitiative.ca\/International\/wp-json\/wp\/v2\/users\/1788"}],"replies":[{"embeddable":true,"href":"https:\/\/linitiative.ca\/International\/wp-json\/wp\/v2\/comments?post=93864"}],"version-history":[{"count":0,"href":"https:\/\/linitiative.ca\/International\/wp-json\/wp\/v2\/posts\/93864\/revisions"}],"wp:featuredmedia":[{"embeddable":true,"href":"https:\/\/linitiative.ca\/International\/wp-json\/"}],"wp:attachment":[{"href":"https:\/\/linitiative.ca\/International\/wp-json\/wp\/v2\/media?parent=93864"}],"wp:term":[{"taxonomy":"category","embeddable":true,"href":"https:\/\/linitiative.ca\/International\/wp-json\/wp\/v2\/categories?post=93864"},{"taxonomy":"post_tag","embeddable":true,"href":"https:\/\/linitiative.ca\/International\/wp-json\/wp\/v2\/tags?post=93864"}],"curies":[{"name":"wp","href":"https:\/\/api.w.org\/{rel}","templated":true}]}}