{"id":93878,"date":"2020-07-28T10:49:22","date_gmt":"2020-07-28T14:49:22","guid":{"rendered":"https:\/\/linitiative.ca\/International\/l-infiltration-du-hezbollah-dejouee-par-israel\/"},"modified":"2020-07-28T10:49:22","modified_gmt":"2020-07-28T14:49:22","slug":"l-infiltration-du-hezbollah-dejouee-par-israel","status":"publish","type":"post","link":"https:\/\/linitiative.ca\/International\/l-infiltration-du-hezbollah-dejouee-par-israel\/","title":{"rendered":"L&rsquo; infiltration du Hezbollah d\u00e9jou\u00e9e par Isra\u00ebl ?"},"content":{"rendered":"<p class=\"p1 c3\"><span class=\"c2\"><strong>L&rsquo;arm\u00e9e isra\u00e9lienne a annonc\u00e9 hier avoir d\u00e9jou\u00e9 une tentative d&rsquo;infiltration du Hezbollah libanais et ajoute qu&rsquo;aucune victime n&rsquo;est \u00e0 d\u00e9plorer c\u00f4t\u00e9 isra\u00e9lien.<\/strong><\/span><\/p>\n<p class=\"p1 c3\"><span class=\"c2\"><strong>Selon plusieurs sources libanaises, le groupe arm\u00e9 chiite a men\u00e9 une op\u00e9ration contre l&rsquo;arm\u00e9e isra\u00e9lienne dans le secteur des fermes de Chebaa, \u00e0 la fronti\u00e8re entre le Liban et Isra\u00ebl.<\/strong><\/span><\/p>\n<p class=\"p1 c3\"><span class=\"c2\"><strong>Cette attaque a \u00e9t\u00e9 men\u00e9e en repr\u00e9sailles \u00e0 la mort d&rsquo;un combattant du groupe chiite arm\u00e9 lundi dernier dans une frappe a\u00e9rienne en bordure de Damas attribu\u00e9e \u00e0 Isra\u00ebl, ajoute-t-on de m\u00eames sources.<\/strong><\/span><\/p>\n<p class=\"p1 c3\"><span class=\"c2\"><strong>L&rsquo;arm\u00e9e isra\u00e9lienne avait fait \u00e9tat dans un premier temps d&rsquo;un \u00ab\u00a0incident en mati\u00e8re de s\u00e9curit\u00e9\u00a0\u00bb \u00e0 la fronti\u00e8re avec le Liban et ordonn\u00e9 aux habitants du secteur de rester confin\u00e9s chez eux.<\/strong><\/span><\/p>\n<p class=\"p1 c3\"><span class=\"c2\"><strong>La cha\u00eene isra\u00e9lienne d&rsquo;informations en continu N12 TV News a signal\u00e9 un \u00e9change de coups de feu entre les forces isra\u00e9liennes et des \u00ab\u00a0activistes\u00a0\u00bb. Elle ajoute que des explosions ont \u00e9t\u00e9 entendues dans le secteur.<\/strong><\/span><\/p>\n<p class=\"p1 c3\"><span class=\"c2\"><strong>Un journaliste de Reuters pr\u00e9sent du c\u00f4t\u00e9 libanais de la fronti\u00e8re a d\u00e9nombr\u00e9 plusieurs dizaines d&rsquo;obus isra\u00e9liens s&rsquo;abattant sur le secteur des fermes de Chebaa, o\u00f9 des incendies et de la fum\u00e9e \u00e9taient visibles.<\/strong><\/span><\/p>\n<p class=\"p1 c3\"><span class=\"c2\"><strong>\u00ab\u00a0Le Liban et le Hezbollah devront porter la responsabilit\u00e9 de toute attaque men\u00e9e depuis le territoire libanais\u00a0\u00bb, avait d\u00e9clar\u00e9 peu avant que l&rsquo;incident ne soit signal\u00e9 le Premier ministre isra\u00e9lien, Benjamin Netanyahu.<\/strong><\/span><\/p>\n<p>Auteur: letemps1<br \/>\n<a href=\"http:\/\/www.letemps.com.tn\/article\/115981\/l-infiltration-du-hezbollah-d%C3%A9jou%C3%A9e-par-isra%C3%ABl\">Cliquez ici pour lire l&rsquo;article depuis sa source.<\/a><\/p>\n","protected":false},"excerpt":{"rendered":"<p>L&rsquo;arm\u00e9e isra\u00e9lienne a annonc\u00e9 hier avoir d\u00e9jou\u00e9 une tentative d&rsquo;infiltration du Hezbollah libanais et ajoute qu&rsquo;aucune victime n&rsquo;est \u00e0 d\u00e9plorer c\u00f4t\u00e9 isra\u00e9lien. Selon plusieurs sources libanaises, le groupe arm\u00e9 chiite a men\u00e9 une op\u00e9ration contre l&rsquo;arm\u00e9e isra\u00e9lienne dans le secteur des fermes de Chebaa, \u00e0 la fronti\u00e8re entre le Liban et Isra\u00ebl. Cette attaque a [&hellip;]<\/p>\n","protected":false},"author":1773,"featured_media":0,"comment_status":"closed","ping_status":"closed","sticky":false,"template":"","format":"standard","meta":{"fifu_image_url":"","fifu_image_alt":"","footnotes":""},"categories":[73,55],"tags":[],"class_list":["post-93878","post","type-post","status-publish","format-standard","hentry","category-actualite","category-tunisie"],"_links":{"self":[{"href":"https:\/\/linitiative.ca\/International\/wp-json\/wp\/v2\/posts\/93878","targetHints":{"allow":["GET"]}}],"collection":[{"href":"https:\/\/linitiative.ca\/International\/wp-json\/wp\/v2\/posts"}],"about":[{"href":"https:\/\/linitiative.ca\/International\/wp-json\/wp\/v2\/types\/post"}],"author":[{"embeddable":true,"href":"https:\/\/linitiative.ca\/International\/wp-json\/wp\/v2\/users\/1773"}],"replies":[{"embeddable":true,"href":"https:\/\/linitiative.ca\/International\/wp-json\/wp\/v2\/comments?post=93878"}],"version-history":[{"count":0,"href":"https:\/\/linitiative.ca\/International\/wp-json\/wp\/v2\/posts\/93878\/revisions"}],"wp:attachment":[{"href":"https:\/\/linitiative.ca\/International\/wp-json\/wp\/v2\/media?parent=93878"}],"wp:term":[{"taxonomy":"category","embeddable":true,"href":"https:\/\/linitiative.ca\/International\/wp-json\/wp\/v2\/categories?post=93878"},{"taxonomy":"post_tag","embeddable":true,"href":"https:\/\/linitiative.ca\/International\/wp-json\/wp\/v2\/tags?post=93878"}],"curies":[{"name":"wp","href":"https:\/\/api.w.org\/{rel}","templated":true}]}}