{"id":93879,"date":"2020-07-28T10:50:00","date_gmt":"2020-07-28T14:50:00","guid":{"rendered":"https:\/\/linitiative.ca\/International\/affrontements-a-bagdad-entre-manifestants-et-policiers\/"},"modified":"2020-07-28T10:50:00","modified_gmt":"2020-07-28T14:50:00","slug":"affrontements-a-bagdad-entre-manifestants-et-policiers","status":"publish","type":"post","link":"https:\/\/linitiative.ca\/International\/affrontements-a-bagdad-entre-manifestants-et-policiers\/","title":{"rendered":"Affrontements \u00e0 Bagdad  entre manifestants et policiers"},"content":{"rendered":"<p class=\"p1 c3\"><span class=\"c2\"><strong>En Irak, des affrontements ont eu lieu la nuit du 26 au 27 juillet sur la place Tahrir au centre de Bagdad entre manifestants et forces de l&rsquo;ordre, faisant au moins deux morts. Les manifestations en Irak avaient pris une ampleur in\u00e9dite en octobre dernier et pendant plusieurs mois, avant de perdre en intensit\u00e9 en raison du coronavirus, des mesures de confinement, et d&rsquo;un changement de gouvernement. Quelques dizaines de protestataires sont toutefois rest\u00e9s sur la place Tahrir.<\/strong><\/span><\/p>\n<p class=\"p1 c3\"><span class=\"c2\"><strong>Ghassan Saber, 26 ans, dort sur la place Tahrir depuis le premier jour des manifestations et cela faisait des mois que l&rsquo;ambiance y \u00e9tait relativement paisible. Mais ce dimanche soir, la situation s&rsquo;est soudainement tendue avec les forces de l&rsquo;ordre. \u00ab Tout \u00e0 coup, les forces de s\u00e9curit\u00e9 autour de la place ont commenc\u00e9 \u00e0 tirer des gaz lacrymog\u00e8nes. L&rsquo;intervention a dur\u00e9 plus d&rsquo;une heure. Ils ont aussi brul\u00e9 de nombreuses tentes de manifestants, puis les forces arm\u00e9es se sont retir\u00e9es. Mais, apr\u00e8s \u00e7a, ils ont entour\u00e9 Tahrir square et ils emp\u00eachaient les ambulances et les pompiers d&rsquo;y acc\u00e9der. \u00bb<\/strong><\/span><\/p>\n<p class=\"p2 c4\">\u00a0<\/p>\n<p class=\"p3 c5\"><span class=\"c2\"><strong>\u00ab Les manifestants demandaient de meilleurs services \u00bb<\/strong><\/span><\/p>\n<p class=\"p1 c3\"><span class=\"c2\"><strong>Cette nuit-l\u00e0, au moins deux manifestants ont succomb\u00e9 \u00e0 leurs blessures. Ils s&rsquo;\u00e9taient rassembl\u00e9s avec des dizaines d&rsquo;autres pour d\u00e9noncer les coupures d&rsquo;\u00e9lectricit\u00e9 incessantes, alors que les temp\u00e9ratures atteignent les 50 degr\u00e9s en Irak. \u00ab Les manifestants se rassemblaient pour demander de meilleurs services. Ils marchaient juste autour de la place, en chantant des chants nationaux. \u00bb<\/strong><\/span><\/p>\n<p class=\"p1 c3\"><span class=\"c2\"><strong>Ces sc\u00e8nes de violences sont les premi\u00e8res depuis la nomination de Moustafa al-Kazimi<span class=\"Apple-converted-space\">\u00a0<\/span> \u00e0 la t\u00eate du gouvernement. En mai dernier, le nouveau Premier ministre s&rsquo;\u00e9tait engag\u00e9 \u00e0 faire la lumi\u00e8re sur les centaines de morts au cours des derniers mois de manifestations. Aujourd&rsquo;hui, beaucoup d&rsquo;Irakiens l&rsquo;accusent de reproduire la m\u00eame r\u00e9pression que son pr\u00e9d\u00e9cesseur.<\/strong><\/span><\/p>\n<p>Auteur: letemps1<br \/>\n<a href=\"http:\/\/www.letemps.com.tn\/article\/115983\/affrontements-%C3%A0-bagdad-entre-manifestants-et-policiers\">Cliquez ici pour lire l&rsquo;article depuis sa source.<\/a><\/p>\n","protected":false},"excerpt":{"rendered":"<p>En Irak, des affrontements ont eu lieu la nuit du 26 au 27 juillet sur la place Tahrir au centre de Bagdad entre manifestants et forces de l&rsquo;ordre, faisant au moins deux morts. Les manifestations en Irak avaient pris une ampleur in\u00e9dite en octobre dernier et pendant plusieurs mois, avant de perdre en intensit\u00e9 en [&hellip;]<\/p>\n","protected":false},"author":1773,"featured_media":0,"comment_status":"closed","ping_status":"closed","sticky":false,"template":"","format":"standard","meta":{"fifu_image_url":"","fifu_image_alt":"","footnotes":""},"categories":[73,55],"tags":[],"class_list":["post-93879","post","type-post","status-publish","format-standard","hentry","category-actualite","category-tunisie"],"_links":{"self":[{"href":"https:\/\/linitiative.ca\/International\/wp-json\/wp\/v2\/posts\/93879","targetHints":{"allow":["GET"]}}],"collection":[{"href":"https:\/\/linitiative.ca\/International\/wp-json\/wp\/v2\/posts"}],"about":[{"href":"https:\/\/linitiative.ca\/International\/wp-json\/wp\/v2\/types\/post"}],"author":[{"embeddable":true,"href":"https:\/\/linitiative.ca\/International\/wp-json\/wp\/v2\/users\/1773"}],"replies":[{"embeddable":true,"href":"https:\/\/linitiative.ca\/International\/wp-json\/wp\/v2\/comments?post=93879"}],"version-history":[{"count":0,"href":"https:\/\/linitiative.ca\/International\/wp-json\/wp\/v2\/posts\/93879\/revisions"}],"wp:attachment":[{"href":"https:\/\/linitiative.ca\/International\/wp-json\/wp\/v2\/media?parent=93879"}],"wp:term":[{"taxonomy":"category","embeddable":true,"href":"https:\/\/linitiative.ca\/International\/wp-json\/wp\/v2\/categories?post=93879"},{"taxonomy":"post_tag","embeddable":true,"href":"https:\/\/linitiative.ca\/International\/wp-json\/wp\/v2\/tags?post=93879"}],"curies":[{"name":"wp","href":"https:\/\/api.w.org\/{rel}","templated":true}]}}