{"id":93988,"date":"2020-07-29T05:01:55","date_gmt":"2020-07-29T09:01:55","guid":{"rendered":"https:\/\/linitiative.ca\/International\/chichaoua-celebre-ses-eleves-les-plus-meritants\/"},"modified":"2020-07-29T05:01:55","modified_gmt":"2020-07-29T09:01:55","slug":"chichaoua-celebre-ses-eleves-les-plus-meritants","status":"publish","type":"post","link":"https:\/\/linitiative.ca\/International\/chichaoua-celebre-ses-eleves-les-plus-meritants\/","title":{"rendered":"Chichaoua c\u00e9l\u00e8bre ses \u00e9l\u00e8ves les plus m\u00e9ritants"},"content":{"rendered":"<div readability=\"35\">\n<p>Chichaoua \u2013 Une c\u00e9r\u00e9monie en hommage aux \u00e9l\u00e8ves les plus m\u00e9ritants qui ont obtenu d\u2019excellents r\u00e9sultats dans diff\u00e9rents cycles de l\u2019enseignement, a \u00e9t\u00e9 organis\u00e9e mardi au si\u00e8ge de la pr\u00e9fecture de la province de Chichaoua.<\/p>\n<\/div>\n<div readability=\"109\">\n<p>Cette c\u00e9r\u00e9monie, qui s\u2019est d\u00e9roul\u00e9e dans le respect le plus scrupuleux des mesures pr\u00e9ventives contre le nouveau coronavirus, a \u00e9t\u00e9 pr\u00e9sid\u00e9e par le gouverneur de la province de Chichaoua, M. Bouabid El Guerrab. Son objectif est de promouvoir la culture de l\u2019excellence et d\u2019inciter les \u00e9l\u00e8ves \u00e0 pers\u00e9v\u00e9rer sur cette voie.<\/p>\n<p>A cette occasion, des pr\u00e9sents ont \u00e9t\u00e9 remis aux diff\u00e9rents \u00e9l\u00e8ves m\u00e9ritants notamment, ceux ayant obtenu le baccalaur\u00e9at au titre de l\u2019ann\u00e9e scolaire 2020 avec Mention, ainsi que les \u00e9l\u00e8ves qui ont occup\u00e9 les premi\u00e8res places du classement dans les cycles du primaire et du coll\u00e9gial au niveau de la province.<\/p>\n<p>S\u2019agissant de l\u2019enseignement primaire, un hommage a \u00e9t\u00e9 rendu \u00e0 Assia Afajdrir du groupe scolaire de Douirane, qui a obtenu une moyenne de 9,75.<\/p>\n<p>Pour ce qui est du cycle coll\u00e9gial, la premi\u00e8re place est revenue \u00e0 l\u2019\u00e9l\u00e8ve Kaoutar Belhil du lyc\u00e9e coll\u00e9gial de Sidi Mokhtar, avec une moyenne g\u00e9n\u00e9rale de 19,88.<\/p>\n<p>Concernant le cycle de l\u2019enseignement secondaire, un hommage a \u00e9t\u00e9 rendu \u00e0 l\u2019\u00e9l\u00e8ve Hayat Amehah, qui a obtenu la moyenne de 18,50 (premi\u00e8re \u00e0 l\u2019\u00e9chelle provinciale) au terme de la deuxi\u00e8me ann\u00e9e du Baccalaur\u00e9at en Sciences physiques (section fran\u00e7aise), et l\u2019\u00e9l\u00e8ve Badr Abou Said inscrit au Lyc\u00e9e technique, branche Sciences et Technologie et qui a obtenu la moyenne g\u00e9n\u00e9rale de 18,31.<\/p>\n<p>Dans une allocution de circonstance, le directeur provincial du minist\u00e8re de l\u2019Education Nationale \u00e0 Chichaoua, M. Abderrahmane El Goumri, a mis en avant les efforts soutenus et inconditionnels d\u00e9ploy\u00e9s par les cadres p\u00e9dagogiques et administratifs.<\/p>\n<p>Dans la foul\u00e9e, il a fait part de sa gratitude \u00e0 l\u2019ensemble des partenaires du syst\u00e8me \u00e9ducatif notamment les autorit\u00e9s locales, les associations des parents et tuteurs d\u2019\u00e9l\u00e8ves, et aux m\u00e9dias pour leur soutien permanent au service de l\u2019\u00e9cole marocaine, et leur engagement infaillible durant cette circonstance exceptionnelle marqu\u00e9e par la propagation de la pand\u00e9mie de la Covid-19 et par l\u2019adoption de l\u2019enseignement \u00e0 distance.<\/p>\n<p>Il s\u2019agit \u00e9galement de l\u2019\u00e9l\u00e8ve Ismail Agoudar du Lyc\u00e9e technique, branche Sciences math\u00e9matiques (section fran\u00e7aise) qui a obtenu une moyenne de 18,28, de l\u2019\u00e9l\u00e8ve Mina Massri (Sciences Economiques et Gestion comptable) au lyc\u00e9e technique, avec une moyenne de 17,56 et enfin de l\u2019\u00e9l\u00e8ve Ayoub Ettah (Lettres et Sciences humaines) du Lyc\u00e9e Al Khawarizmi, avec une moyenne de 16,62.<\/p>\n<p>Cette c\u00e9r\u00e9monie a \u00e9t\u00e9 ponctu\u00e9e par la pr\u00e9sence notamment du pr\u00e9sident du Conseil provincial, Said El Mehajri, du secr\u00e9taire g\u00e9n\u00e9ral de pr\u00e9fecture de Chichaoua, Abdenabi Bentaleb, du pr\u00e9sident du Conseil communal de Chichaoua, Ahmed Hillal, outre des cadres de la direction provinciale de l\u2019\u00e9ducation nationale, ainsi que des parents et tuteurs des \u00e9l\u00e8ves m\u00e9ritants.<\/p>\n<\/div>\n<p>Auteur: Meriem IGASS<br \/>\n<a href=\"http:\/\/www.mapmarrakech.ma\/fr\/chichaoua-celebre-ses-eleves-les-plus-meritants\/\">Cliquez ici pour lire l&rsquo;article depuis sa source.<\/a><\/p>\n","protected":false},"excerpt":{"rendered":"<p>Chichaoua \u2013 Une c\u00e9r\u00e9monie en hommage aux \u00e9l\u00e8ves les plus m\u00e9ritants qui ont obtenu d\u2019excellents r\u00e9sultats dans diff\u00e9rents cycles de l\u2019enseignement, a \u00e9t\u00e9 organis\u00e9e mardi au si\u00e8ge de la pr\u00e9fecture de la province de Chichaoua. Cette c\u00e9r\u00e9monie, qui s\u2019est d\u00e9roul\u00e9e dans le respect le plus scrupuleux des mesures pr\u00e9ventives contre le nouveau coronavirus, a \u00e9t\u00e9 [&hellip;]<\/p>\n","protected":false},"author":1788,"featured_media":0,"comment_status":"closed","ping_status":"closed","sticky":false,"template":"","format":"standard","meta":{"fifu_image_url":"","fifu_image_alt":"","footnotes":""},"categories":[54,76],"tags":[],"class_list":["post-93988","post","type-post","status-publish","format-standard","hentry","category-maroc","category-regions"],"_links":{"self":[{"href":"https:\/\/linitiative.ca\/International\/wp-json\/wp\/v2\/posts\/93988","targetHints":{"allow":["GET"]}}],"collection":[{"href":"https:\/\/linitiative.ca\/International\/wp-json\/wp\/v2\/posts"}],"about":[{"href":"https:\/\/linitiative.ca\/International\/wp-json\/wp\/v2\/types\/post"}],"author":[{"embeddable":true,"href":"https:\/\/linitiative.ca\/International\/wp-json\/wp\/v2\/users\/1788"}],"replies":[{"embeddable":true,"href":"https:\/\/linitiative.ca\/International\/wp-json\/wp\/v2\/comments?post=93988"}],"version-history":[{"count":0,"href":"https:\/\/linitiative.ca\/International\/wp-json\/wp\/v2\/posts\/93988\/revisions"}],"wp:attachment":[{"href":"https:\/\/linitiative.ca\/International\/wp-json\/wp\/v2\/media?parent=93988"}],"wp:term":[{"taxonomy":"category","embeddable":true,"href":"https:\/\/linitiative.ca\/International\/wp-json\/wp\/v2\/categories?post=93988"},{"taxonomy":"post_tag","embeddable":true,"href":"https:\/\/linitiative.ca\/International\/wp-json\/wp\/v2\/tags?post=93988"}],"curies":[{"name":"wp","href":"https:\/\/api.w.org\/{rel}","templated":true}]}}