{"id":94598,"date":"2020-08-05T09:30:05","date_gmt":"2020-08-05T13:30:05","guid":{"rendered":"https:\/\/linitiative.ca\/International\/vehicule-entierement-electrique-de-la-marque-de-luxe-cadillac-general-motors-sapprete-a-devoiler-le-lyriq\/"},"modified":"2020-08-05T09:30:05","modified_gmt":"2020-08-05T13:30:05","slug":"vehicule-entierement-electrique-de-la-marque-de-luxe-cadillac-general-motors-sapprete-a-devoiler-le-lyriq","status":"publish","type":"post","link":"https:\/\/linitiative.ca\/International\/vehicule-entierement-electrique-de-la-marque-de-luxe-cadillac-general-motors-sapprete-a-devoiler-le-lyriq\/","title":{"rendered":"V\u00e9hicule enti\u00e8rement \u00e9lectrique de la marque de luxe Cadillac : General Motors s\u2019appr\u00eate \u00e0 d\u00e9voiler le Lyriq"},"content":{"rendered":"<header>\n<\/header>\n<div class=\"entry-content clearfix\" readability=\"51\"><img decoding=\"async\" class=\"post_layout_5_img\" src=\"http:\/\/aujourdhui.ma\/wp-content\/uploads\/2020\/08\/Cadillac-Lyriq.jpg\" alt=\"V&#xE9;hicule enti&#xE8;rement &#xE9;lectrique de la marque de luxe Cadillac : General Motors s&#x2019;appr&#xEA;te &#xE0; d&#xE9;voiler le Lyriq\"\/><\/p>\n<p><span class=\"c6\"><span class=\"c5\"><strong>Le g\u00e9ant am\u00e9ricain de l\u2019automobile General Motors (GM) d\u00e9voilera demain jeudi le premier v\u00e9hicule enti\u00e8rement \u00e9lectrique de sa division haut de gamme Cadillac.<\/strong><\/span> <span id=\"more-352555\"\/><\/span><\/p>\n<p>Le Lyric, un v\u00e9hicule utilitaire sport (VUS) avec un profil bas comme un station wagon, sera \u00e9quip\u00e9 d\u2019un nouveau type de batterie que GM a baptis\u00e9 Ultium. Elle offre, selon le constructeur, une plus grande flexibilit\u00e9 en mati\u00e8re d\u2019am\u00e9nagement et co\u00fbtera moins cher \u00e0 produire en raison d\u2019une utilisation plus faible de Cobalt. \u00abLes enjeux sont \u00e9lev\u00e9s parce que GM place Cadillac \u00e0 l\u2019avant-garde de sa pouss\u00e9e croissante vers les v\u00e9hicules \u00e9lectriques\u00bb, souligne le site d\u2019information am\u00e9ricain Axios.<\/p>\n<p>Il s\u2019agit en effet de la premi\u00e8re incursion de Cadillac, autrefois au sommet du segment de luxe avant de se faire concurrencer par d\u2019autres marques, dans les mod\u00e8les enti\u00e8rement \u00e9lectriques. GM a publi\u00e9 la semaine derni\u00e8re quelques images du nouveau mod\u00e8le qui laissent entrevoir un design tr\u00e8s futuriste. Le constructeur bas\u00e9 \u00e0 D\u00e9troit, esp\u00e8re rivaliser avec les v\u00e9hicules \u00e9lectriques du leader mondial Tesla et des autres marques haut de gamme comme Jaguar et Audi.<\/p>\n<\/div>\n<p>Auteur: ALM<br \/>\n<a href=\"https:\/\/aujourdhui.ma\/automobile\/vehicule-entierement-electrique-de-la-marque-de-luxe-cadillac-general-motors-sapprete-a-devoiler-le-lyriq\">Cliquez ici pour lire l&rsquo;article depuis sa source.<\/a><\/p>\n","protected":false},"excerpt":{"rendered":"<p>Le g\u00e9ant am\u00e9ricain de l\u2019automobile General Motors (GM) d\u00e9voilera demain jeudi le premier v\u00e9hicule enti\u00e8rement \u00e9lectrique de sa division haut de gamme Cadillac. Le Lyric, un v\u00e9hicule utilitaire sport (VUS) avec un profil bas comme un station wagon, sera \u00e9quip\u00e9 d\u2019un nouveau type de batterie que GM a baptis\u00e9 Ultium. Elle offre, selon le constructeur, [&hellip;]<\/p>\n","protected":false},"author":1759,"featured_media":94599,"comment_status":"closed","ping_status":"closed","sticky":false,"template":"","format":"standard","meta":{"fifu_image_url":"","fifu_image_alt":"","footnotes":""},"categories":[73,54],"tags":[],"class_list":["post-94598","post","type-post","status-publish","format-standard","has-post-thumbnail","hentry","category-actualite","category-maroc"],"_links":{"self":[{"href":"https:\/\/linitiative.ca\/International\/wp-json\/wp\/v2\/posts\/94598","targetHints":{"allow":["GET"]}}],"collection":[{"href":"https:\/\/linitiative.ca\/International\/wp-json\/wp\/v2\/posts"}],"about":[{"href":"https:\/\/linitiative.ca\/International\/wp-json\/wp\/v2\/types\/post"}],"author":[{"embeddable":true,"href":"https:\/\/linitiative.ca\/International\/wp-json\/wp\/v2\/users\/1759"}],"replies":[{"embeddable":true,"href":"https:\/\/linitiative.ca\/International\/wp-json\/wp\/v2\/comments?post=94598"}],"version-history":[{"count":0,"href":"https:\/\/linitiative.ca\/International\/wp-json\/wp\/v2\/posts\/94598\/revisions"}],"wp:featuredmedia":[{"embeddable":true,"href":"https:\/\/linitiative.ca\/International\/wp-json\/"}],"wp:attachment":[{"href":"https:\/\/linitiative.ca\/International\/wp-json\/wp\/v2\/media?parent=94598"}],"wp:term":[{"taxonomy":"category","embeddable":true,"href":"https:\/\/linitiative.ca\/International\/wp-json\/wp\/v2\/categories?post=94598"},{"taxonomy":"post_tag","embeddable":true,"href":"https:\/\/linitiative.ca\/International\/wp-json\/wp\/v2\/tags?post=94598"}],"curies":[{"name":"wp","href":"https:\/\/api.w.org\/{rel}","templated":true}]}}