{"id":94604,"date":"2020-08-05T11:02:40","date_gmt":"2020-08-05T15:02:40","guid":{"rendered":"https:\/\/linitiative.ca\/International\/voici-le-protocole-de-prise-en-charge-des-cas-covid-19-au-maroc\/"},"modified":"2020-08-05T11:02:40","modified_gmt":"2020-08-05T15:02:40","slug":"voici-le-protocole-de-prise-en-charge-des-cas-covid-19-au-maroc","status":"publish","type":"post","link":"https:\/\/linitiative.ca\/International\/voici-le-protocole-de-prise-en-charge-des-cas-covid-19-au-maroc\/","title":{"rendered":"Voici le protocole de prise en charge des cas Covid-19 au Maroc"},"content":{"rendered":"<header>\n<\/header>\n<div class=\"entry-content clearfix\" readability=\"52.449513836948\"><img decoding=\"async\" class=\"post_layout_5_img\" src=\"http:\/\/aujourdhui.ma\/wp-content\/uploads\/2020\/05\/sante-hopital-2.jpg\" alt=\"Voici le protocole de prise en charge des cas Covid-19 au Maroc\"\/><\/p>\n<p><strong>Dans une note adress\u00e9e aux directeurs r\u00e9gionaux de la sant\u00e9, le ministre, Khalid Ait Taleb, apporte des pr\u00e9cisions sur le protocole de prise en charge des cas Covid-19.<\/strong> <span id=\"more-352540\"\/>\u00ab Dans le cadre de la mise \u00e0 jour continue du plan national de veille et de riposte \u00e0 l\u2019\u00e9pid\u00e9mie Covid-19 et, ce compte tenu de la situation \u00e9pid\u00e9miologique actuelle, les proc\u00e9dures techniques de prise en charge des cas d\u2019infection au Sars-Cov-2 et de leurs contacts, ainsi que la strat\u00e9gie de d\u00e9pistage ont \u00e9t\u00e9 actualis\u00e9es \u00bb, fait part le ministre de la sant\u00e9 dans ce document dat\u00e9 du 5 ao\u00fbt 2020. A cet effet, il demande aux concern\u00e9s de veiller personnellement \u00e0 l\u2019application rigoureuse des nouvelles proc\u00e9dures et d\u2019en assurer une large diffusion aupr\u00e8s des professionnels de sant\u00e9 des secteurs publics et lib\u00e9ral au niveau des diff\u00e9rentes r\u00e9gions.<\/p>\n<p>Ledit document est accompagn\u00e9 de la proc\u00e9dure de prise en charge des cas Covid-19, d\u2019hospitalisation \u00e0 domicile des cas asymptomatiques, d\u2019un mod\u00e8le d\u2019acte d\u2019engagement, du d\u00e9tail d\u2019investigation et suivi des contacts d\u2019un cas Covid-19 et de la strat\u00e9gie de d\u00e9pistage de l\u2019infection au Sars-CoV2. Le tout \u00e9tant mis \u00e0 jour \u00e0 la date du 3\/08\/2020.<\/p>\n<p>Les d\u00e9tails dans le document ci-dessous:<\/p>\n<p><span class=\"c6\"><strong><a class=\"c5\" href=\"https:\/\/aujourdhui.ma\/wp-content\/uploads\/2020\/08\/Mise-a%CC%80-jour-du-protocole-de-prise-en-charge-des-cas-Covid-19.pdf\">Mise a\u0300 jour du protocole de prise en charge des cas Covid 19<\/a><\/strong><\/span><\/p>\n<\/div>\n<p>Auteur: ALM<br \/>\n<a href=\"https:\/\/aujourdhui.ma\/actualite\/voici-le-protocole-de-prise-en-charge-des-cas-covid-19-au-maroc\">Cliquez ici pour lire l&rsquo;article depuis sa source.<\/a><\/p>\n","protected":false},"excerpt":{"rendered":"<p>Dans une note adress\u00e9e aux directeurs r\u00e9gionaux de la sant\u00e9, le ministre, Khalid Ait Taleb, apporte des pr\u00e9cisions sur le protocole de prise en charge des cas Covid-19. \u00ab Dans le cadre de la mise \u00e0 jour continue du plan national de veille et de riposte \u00e0 l\u2019\u00e9pid\u00e9mie Covid-19 et, ce compte tenu de la [&hellip;]<\/p>\n","protected":false},"author":1759,"featured_media":94605,"comment_status":"closed","ping_status":"closed","sticky":false,"template":"","format":"standard","meta":{"fifu_image_url":"","fifu_image_alt":"","footnotes":""},"categories":[73,54],"tags":[],"class_list":["post-94604","post","type-post","status-publish","format-standard","has-post-thumbnail","hentry","category-actualite","category-maroc"],"_links":{"self":[{"href":"https:\/\/linitiative.ca\/International\/wp-json\/wp\/v2\/posts\/94604","targetHints":{"allow":["GET"]}}],"collection":[{"href":"https:\/\/linitiative.ca\/International\/wp-json\/wp\/v2\/posts"}],"about":[{"href":"https:\/\/linitiative.ca\/International\/wp-json\/wp\/v2\/types\/post"}],"author":[{"embeddable":true,"href":"https:\/\/linitiative.ca\/International\/wp-json\/wp\/v2\/users\/1759"}],"replies":[{"embeddable":true,"href":"https:\/\/linitiative.ca\/International\/wp-json\/wp\/v2\/comments?post=94604"}],"version-history":[{"count":0,"href":"https:\/\/linitiative.ca\/International\/wp-json\/wp\/v2\/posts\/94604\/revisions"}],"wp:featuredmedia":[{"embeddable":true,"href":"https:\/\/linitiative.ca\/International\/wp-json\/"}],"wp:attachment":[{"href":"https:\/\/linitiative.ca\/International\/wp-json\/wp\/v2\/media?parent=94604"}],"wp:term":[{"taxonomy":"category","embeddable":true,"href":"https:\/\/linitiative.ca\/International\/wp-json\/wp\/v2\/categories?post=94604"},{"taxonomy":"post_tag","embeddable":true,"href":"https:\/\/linitiative.ca\/International\/wp-json\/wp\/v2\/tags?post=94604"}],"curies":[{"name":"wp","href":"https:\/\/api.w.org\/{rel}","templated":true}]}}