{"id":94611,"date":"2020-08-05T10:01:15","date_gmt":"2020-08-05T14:01:15","guid":{"rendered":"https:\/\/linitiative.ca\/International\/la-sante-en-mal-de-mer\/"},"modified":"2020-08-05T10:01:15","modified_gmt":"2020-08-05T14:01:15","slug":"la-sante-en-mal-de-mer","status":"publish","type":"post","link":"https:\/\/linitiative.ca\/International\/la-sante-en-mal-de-mer\/","title":{"rendered":"La sant\u00e9 en mal de mer!"},"content":{"rendered":"<p class=\"has-text-color c2\"><strong>Quelle mouche a bien pu piquer notre ministre de la sant\u00e9, en ce temps crucial de la crise pand\u00e9mique? Assur\u00e9ment, rien n\u2019arr\u00eate sa d\u00e9sormais \u00abpassion\u00bb de limoger les responsables locaux de son d\u00e9partement ! Il semble bien pousser sa manie sadique au-del\u00e0 de l\u2019admissible, \u00e0 un moment o\u00f9 il s\u2019av\u00e8re raisonnable de mobiliser toutes les \u00e9nergies nationales pour vaincre l\u2019ennemi commun.<\/strong><\/p>\n<p>Bien au contraire, il s\u2019obstine \u00e0 poursuivre son \u00abhobby\u00bb de pr\u00e9dilection \u00e0 renvoyer en s\u00e9rie les cadres de la sant\u00e9, sans aucun scrupule ni sens de la mesure. Dans la r\u00e9gion de Souss Massa, il se paie le luxe de \u00abdescendre\u00bb pas moins de cinq t\u00eates en pleine p\u00e9riode end\u00e9mique, en cr\u00e9ant une vacuit\u00e9 accablante, \u00e0 ces postes de forte acuit\u00e9.<\/p>\n<p>Tout d\u2019abord, il s\u2019acharne sur Dr Aziz Errimani, directeur du Centre Hospitalier R\u00e9gional Hassan d\u2019Agadir qui fut arbitrairement harcel\u00e9 et malmen\u00e9, \u00a0durant des mois d\u2019affreux pr\u00e9judices. Et pourtant, ce chirurgien fort r\u00e9put\u00e9 pour ses comp\u00e9tences et surtout ses actions citoyennes aupr\u00e8s des d\u00e9munis, se voit en dehors de tout soup\u00e7on, apr\u00e8s tant de r\u00e9probation infond\u00e9e.<\/p>\n<p>Le successeur, Dr Ali Bataal auquel on a fait appel pour combler le vide \u00e0 la rescousse, sans note de d\u00e9signation, vient d\u2019\u00eatre remerci\u00e9 \u00e0 la h\u00e2te, quoiqu\u2019il ait fait preuve, comme \u00e0 son accoutum\u00e9e, d\u2019abn\u00e9gation et de vaillance, en tant que personnage adul\u00e9 par toute la communaut\u00e9 locale, pour sa bonhomie et son affabilit\u00e9.<\/p>\n<p>A pr\u00e9sent, \u00e0 Agadir, le secteur de la sant\u00e9 se d\u00e9ploie sans directeur d\u2019h\u00f4pital ni d\u00e9l\u00e9gu\u00e9 de la pr\u00e9fecture, depuis la nomination de son occupant \u00e0 la province de Guelmim. En fait, peut-on imaginer un seul instant, la cite comme Agadir, sans responsables d\u2019institutions vitales comme la sant\u00e9, en cette phase critique?<\/p>\n<p>A proximit\u00e9 de la pr\u00e9fecture d\u2019Agadir Ida Outanane dont le secteur de la sant\u00e9 est s\u00e9v\u00e8rement bastonn\u00e9 par ces actes irr\u00e9fl\u00e9chis, le sort sanitaire, au sein de la province d\u2019Inezgane A\u00eft Melloul subira \u00e9galement les foudres du tortionnaire \u00a0d\u00e9cha\u00een\u00e9. R\u00e9cemment encore, en un seul revers de main, il balayait deux responsables du domaine.<\/p>\n<p>Le premier, Dr Aziz Makhlouf, fin d\u00e9l\u00e9gu\u00e9, connu de tous par son altruisme et son am\u00e9nit\u00e9, est \u00abl\u00e2chement\u00bb poignard\u00e9, alors qu\u2019il a constamment l\u2019habitude d\u2019accomplir sa t\u00e2che avec \u00e9clat et non sans abattage, apr\u00e8s de loyaux services rendus \u00e0 la besogne dont il s\u2019est toujours fi\u00e8rement acquitt\u00e9.<\/p>\n<p>Le second n\u2019est autre que le Dr Driss Bouhahi, directeur du Centre Hospitalier Provincial d\u2019Inezgane qui a d\u00fb endurer le calvaire par une p\u00e9nurie stressante de stock m\u00e9dicamental et de ressources humaines. Ce g\u00e9n\u00e9raliste qui relayait Dr Aziz Errimani au poste, faisait sensation par une exemplarit\u00e9 hors du commun, en sens de responsabilit\u00e9 et en relationnel irr\u00e9prochable aussi bien avec le personnel qu\u2019il menait en tact raffin\u00e9 qu\u2019avec les patients dont il se comportait avec une rare sagacit\u00e9.<\/p>\n<p>Toutes ces qualit\u00e9s de haute notori\u00e9t\u00e9, n\u2019ont pas suffi \u00e0 \u00e9chapper au supplice autocratique du technocrate. Comme son homologue, la province d\u2019Inezgane A\u00eft Melloul \u00e9volue pareillement sans responsables du secteur, tant \u00e0 la direction de l\u2019h\u00f4pital qu\u2019\u00e0 la d\u00e9l\u00e9gation provinciale. Une situation pour le moins qu\u2019on puisse dire, cacophonique.<\/p>\n<p>Enfin, la cha\u00eene de griefs se poursuit pour atteindre, dans les jours \u00e0 venir, l\u2019\u00e9minent d\u00e9l\u00e9gu\u00e9 de la province de Chtouka A\u00eft Baha Dr Khalid Riffi qui, au regard de cette situation confuse, vient de d\u00e9poser sa d\u00e9charge. Mais, pour notre honorable ministre, pr\u00e9senter la d\u00e9mission est synonyme de r\u00e9vocation.<\/p>\n<p>Cependant, comme par hasard, cette d\u00e9cision draconienne qui s\u2019abat sur les directeurs d\u2019h\u00f4pital et les d\u00e9l\u00e9gu\u00e9s de province, ne s\u2019\u00e9tend pas encore \u00e0 la direction r\u00e9gionale. La logique des choses voudrait dire que si cela n\u2019allait pas dans les provinces, comme le pr\u00e9tend le ministre, \u00e0 travers ses d\u00e9cisions drastiques, \u00e7a ne pourrait pas aller non plus \u00e0 la t\u00eate de la pyramide r\u00e9gionale.<\/p>\n<p>Comment peut-on concevoir une bonne direction r\u00e9gionale de sant\u00e9, avec de mauvaises d\u00e9l\u00e9gations et directions provinciales\u00a0? Il y a bel et bien quelque chose qui ne tourne pas rond dans cette logique boiteuse\u00a0! On dira \u00e0 notre respectable ministre qu\u2019au lieu d\u2019en finir avec tous les directeurs et d\u00e9l\u00e9gu\u00e9s des provinces de la r\u00e9gion, il vaudra mieux tenter l\u2019exp\u00e9rience avec une seule et unique \u00e9viction, \u00e0 la t\u00eate de la direction.<\/p>\n<p>Peut-\u00eatre que c\u2019est par l\u00e0 que viennent tous les maux de la r\u00e9gion, \u00e0 croire la manifestation que tiennent aujourd\u2019hui les syndicats du secteur devant le si\u00e8ge de la direction r\u00e9gionale de la sant\u00e9!<\/p>\n<p>Auteur: M&rsquo;hammed rahal<br \/>\n<a href=\"http:\/\/albayane.press.ma\/la-sante-en-mal-de-mer.html\">Cliquez ici pour lire l&rsquo;article depuis sa source.<\/a><\/p>\n","protected":false},"excerpt":{"rendered":"<p>Quelle mouche a bien pu piquer notre ministre de la sant\u00e9, en ce temps crucial de la crise pand\u00e9mique? Assur\u00e9ment, rien n\u2019arr\u00eate sa d\u00e9sormais \u00abpassion\u00bb de limoger les responsables locaux de son d\u00e9partement ! Il semble bien pousser sa manie sadique au-del\u00e0 de l\u2019admissible, \u00e0 un moment o\u00f9 il s\u2019av\u00e8re raisonnable de mobiliser toutes les [&hellip;]<\/p>\n","protected":false},"author":1760,"featured_media":0,"comment_status":"closed","ping_status":"closed","sticky":false,"template":"","format":"standard","meta":{"fifu_image_url":"","fifu_image_alt":"","footnotes":""},"categories":[73,54],"tags":[],"class_list":["post-94611","post","type-post","status-publish","format-standard","hentry","category-actualite","category-maroc"],"_links":{"self":[{"href":"https:\/\/linitiative.ca\/International\/wp-json\/wp\/v2\/posts\/94611","targetHints":{"allow":["GET"]}}],"collection":[{"href":"https:\/\/linitiative.ca\/International\/wp-json\/wp\/v2\/posts"}],"about":[{"href":"https:\/\/linitiative.ca\/International\/wp-json\/wp\/v2\/types\/post"}],"author":[{"embeddable":true,"href":"https:\/\/linitiative.ca\/International\/wp-json\/wp\/v2\/users\/1760"}],"replies":[{"embeddable":true,"href":"https:\/\/linitiative.ca\/International\/wp-json\/wp\/v2\/comments?post=94611"}],"version-history":[{"count":0,"href":"https:\/\/linitiative.ca\/International\/wp-json\/wp\/v2\/posts\/94611\/revisions"}],"wp:attachment":[{"href":"https:\/\/linitiative.ca\/International\/wp-json\/wp\/v2\/media?parent=94611"}],"wp:term":[{"taxonomy":"category","embeddable":true,"href":"https:\/\/linitiative.ca\/International\/wp-json\/wp\/v2\/categories?post=94611"},{"taxonomy":"post_tag","embeddable":true,"href":"https:\/\/linitiative.ca\/International\/wp-json\/wp\/v2\/tags?post=94611"}],"curies":[{"name":"wp","href":"https:\/\/api.w.org\/{rel}","templated":true}]}}