{"id":94612,"date":"2020-08-05T10:32:08","date_gmt":"2020-08-05T14:32:08","guid":{"rendered":"https:\/\/linitiative.ca\/International\/le-sexisme-nest-pas-une-fatalite\/"},"modified":"2020-08-05T10:32:08","modified_gmt":"2020-08-05T14:32:08","slug":"le-sexisme-nest-pas-une-fatalite","status":"publish","type":"post","link":"https:\/\/linitiative.ca\/International\/le-sexisme-nest-pas-une-fatalite\/","title":{"rendered":"\u00abLe sexisme n\u2019est  pas une fatalit\u00e9\u00bb"},"content":{"rendered":"<p class=\"has-text-color has-vivid-red-color c2\"><strong>Zaineb Fasiki<\/strong>, <strong>b\u00e9d\u00e9iste marocaine<\/strong><\/p>\n<p class=\"c3\"><strong>Propos recueillis par Younes Mustapha<\/strong><\/p>\n<p class=\"has-text-color c4\"><strong>Exer\u00e7ant un m\u00e9tier tr\u00e8s prenant Zaineb Fasiki dessine, \u00e0 ses heures perdues, pour d\u00e9noncer la culture de la honte qui ronge la soci\u00e9t\u00e9 marocaine. Son livre\u00a0 \u00ab\u00a0Hschouma et sexualit\u00e9 au Maroc\u00a0\u00bb a eu, d\u00e8s sa sortie, un succ\u00e8s retentissant. On y retrouve les id\u00e9es qui animent l\u2019esprit f\u00e9ministe de son auteur exprim\u00e9es dans le langage universel de la bande dessin\u00e9e. \u00a0Zaineb Fasiki est\u00a0 ing\u00e9nieur en m\u00e9canique et b\u00e9d\u00e9iste marocaine.<\/strong><\/p>\n<div class=\"wp-block-image\"><img loading=\"lazy\" decoding=\"async\" src=\"http:\/\/albayane.press.ma\/wp-content\/uploads\/Sans-titre14-1-508x360.png\" alt=\"\" class=\"wp-image-93747\" width=\"562\" height=\"398\"\/><\/div>\n<p class=\"has-text-color has-vivid-red-color\"><strong>\u00abOn ne na\u00eet pas femme on le devient\u00bb, \u00e0 en croire Simone de Beauvoir. On ne na\u00eet pas f\u00e9ministe aussi, on le devient. Comment l\u2019\u00eates-vous devenue?<\/strong><\/p>\n<p>Zaineb Fasiki: Durant mes \u00e9tudes comme technicienne sup\u00e9rieure en ing\u00e9nierie m\u00e9canique, j\u2019\u00e9tais souvent, comme d\u2019ailleurs des milliers de femmes marocaines,\u00a0 victime de harc\u00e8lement dans le transport public et dans la rue. Cette situation r\u00e9voltante m\u2019a pouss\u00e9 \u00e0 rompre le silence et \u00e0 r\u00e9agir. J\u2019ai donc cherch\u00e9 le moyen qui me permettrait d\u2019exprimer ma col\u00e8re et mon indignation. Je me rappelle le jour o\u00f9, rentrant chez moi d\u00e9pit\u00e9e, je me suis mise \u00e0 me dessiner toute nue. C\u2019\u00e9tait pour moi un moyen d\u2019ext\u00e9rioriser ma col\u00e8re. J\u2019ignorais que \u00e7a allait devenir mon arme de combat.<\/p>\n<p>Vous avez opt\u00e9 pour le dessin comme mode d\u2019expression pour\u00a0 revendiquer le droit des femmes \u00e0 \u00eatre libres. Qu\u2019est-ce qui a motiv\u00e9 ce choix?<\/p>\n<p>Le dessin qui repr\u00e9sentait pour moi une sorte de th\u00e9rapie personnelle est vite devenu\u00a0 mon outil de pr\u00e9dilection pour lutter contre le sexisme et toutes les formes de discrimination dont sont victimes les femmes. En publiant\u00a0 mes dessins sur les r\u00e9seaux sociaux, j\u2019ai tout de suite\u00a0 remarqu\u00e9 l\u2019effet que cela\u00a0 faisait. Nous vivons \u00e0 une \u00e9poque o\u00f9 l\u2019image a plus d\u2019impact sur la jeunesse que le texte. D\u2019ailleurs\u00a0 le dessin c\u2019est aussi un texte au sens le plus large. C\u2019est de l\u00e0 que m\u2019est venue l\u2019id\u00e9e de r\u00e9unir mes dessins dans un livre que j\u2019ai intitul\u00e9 \u00ab\u00a0Hschouma \u00a0\u00bb en r\u00e9f\u00e9rence aux tabous qui servent \u00e0 assujettir la femme marocaine.<\/p>\n<p class=\"has-text-color has-vivid-red-color\"><strong>Les\u00a0 FEMEN pour se faire remarquer surgissent lors d\u2019\u00e9v\u00e9nements publics ayant une dimension machiste et s\u2019exhibent seins nus, le corps barbouill\u00e9 de slogans f\u00e9ministes. Elles choisissent, donc, la provocation. C\u2019est\u00a0 aussi, en quelque sorte,\u00a0 votre arme. N\u2019est-ce pas?<\/strong><\/p>\n<p>Mon intention premi\u00e8re n\u2019\u00e9tait pas de provoquer. Cela dit, je suis une artiste qui refuse de conforter le public dans ses pr\u00e9jug\u00e9s. Il est vrai que j\u2019ai cherch\u00e9, d\u2019abord, une satisfaction personnelle. Mon art \u00e9tait avant tout une th\u00e9rapie, une mani\u00e8re d\u2019exorciser le mal dont je souffrais. Mais, en\u00a0 postant mes dessins je me suis aper\u00e7ue qu\u2019ils \u00e9taient partag\u00e9s par beaucoup d\u2019internautes qui avaient\u00a0 le m\u00eame id\u00e9al que moi, menaient le m\u00eame combat et aussi par des femmes qui subissaient la tyrannie machiste sans pouvoir r\u00e9agir. Celles-l\u00e0 ont, peut- \u00eatre, retrouv\u00e9 en moi leur voix.<\/p>\n<p class=\"has-text-color has-vivid-red-color\"><strong>Dans une soci\u00e9t\u00e9 patriarcale comme la n\u00f4tre, qui continue de renvoyer la femme \u00e0 son image d\u2019\u00eatre inf\u00e9rieure, pensez-vous que les choses peuvent \u00e9voluer dans le sens d\u2019une v\u00e9ritable \u00e9mancipation?<\/strong><\/p>\n<p>Je reste optimiste. Je crois en ma g\u00e9n\u00e9ration et en celles \u00e0 venir. C\u2019est, sans doute, aux jeunes qu\u2019incombe la responsabilit\u00e9 d\u2019am\u00e9liorer la condition de la femme dans notre soci\u00e9t\u00e9. Les m\u0153urs et les repr\u00e9sentations n\u00e9gatives concernant la femme ne doivent pas \u00eatre une fatalit\u00e9. Le monde change et nous changeons avec. Vous conviendrez que l\u2019artiste \u00e0 lui seul, ne peut pas faire grand-chose. L\u2019\u00e9mancipation de la femme est le combat de tous, hommes et femmes.\u00a0 Somme toute,\u00a0 c\u2019est un projet de soci\u00e9t\u00e9.<\/p>\n<p class=\"has-text-color has-vivid-red-color\"><strong>La premi\u00e8re chose qui intrigue dans votre look c\u2019est votre coupe de cheveux. Cela-a-t-il un quelconque lien avec votre militantisme?<\/strong><\/p>\n<p>Dans mes photos \u00e0 la\u00a0 cr\u00e8che, j\u2019avais la m\u00eame coupe de cheveux. Depuis ma tendre enfance, j\u2019\u00e9tais fan des dessins anim\u00e9s japonais o\u00f9 les personnages f\u00e9minins tenaient\u00a0 le premier r\u00f4le. C\u2019est surtout les super-h\u00e9ro\u00efnes qui me\u00a0 fascinaient le plus. Je regardais aussi\u00a0 Am\u00e9lie Poulain, puis les films de Louise Brooks, je raffolais des dessins des grands b\u00e9d\u00e9istes\u00a0 qui ont cr\u00e9\u00e9 des personnages nus avec cheveux noirs\u00a0 et courts dans\u00a0 les\u00a0 ann\u00e9es soixante comme \u00ab\u00a0Valentina\u00a0\u00bb et \u00ab\u00a0Hypocrite\u00a0\u00bb. Cette culture visuelle a certainement forg\u00e9 ma personnalit\u00e9.<\/p>\n<p>Plus tard, cette coupe de cheveux que certains trouvent un peu excentrique est devenue ensuite le signe ostentatoire d\u2019une\u00a0 f\u00e9minit\u00e9 rebelle.<\/p>\n<p class=\"has-text-color has-vivid-red-color\"><strong>Les revendications f\u00e9ministes ne peuvent se concr\u00e9tiser que dans une soci\u00e9t\u00e9 la\u00efque\u00a0\u00bb pensent certains. Etes-vous de cet avis?<\/strong><\/p>\n<p>Dans mon livre \u00ab\u00a0Hschouma corps et sexualit\u00e9 au Maroc\u00a0\u00bb, j\u2019ai bien expliqu\u00e9 mon point de vue\u00a0 sur la la\u00efcit\u00e9 comme cl\u00e9 de libert\u00e9 individuelle pour les citoyens. Je suis, en fait,\u00a0 une citoyenne qui r\u00eave d\u2019un monde o\u00f9 l\u2019on respecte la vie priv\u00e9e des autres et les droits des femmes.<\/p>\n<p class=\"has-text-color has-vivid-red-color\"><strong>Le combat\u00a0 pour l\u2019acquisition des droits fondamentaux de la femme et surtout\u00a0 celui de disposer de son corps ne peut \u00eatre efficace que s\u2019il est men\u00e9 par ceux qui y souscrivent. Vous y croyez comme dur sur fer. Vous \u00eates par exemple l\u2019initiatrice\u00a0 du \u00ab\u00a0Women power collective\u00a0\u00bb. Pourriez-vous nous en parler un peu?<\/strong><\/p>\n<p>Pour moi, si les femmes ne s\u2019unissent pas dans ce combat on ne pourra rien atteindre. Vous savez, c\u2019est malheureux de voir, des fois, des femmes se targuant d\u2019\u00eatre progressistes se montrer terriblement r\u00e9actionnaires dans certaines situations. C\u2019est donc dans cet esprit de combat\u00a0 que\u00a0 j\u2019ai cr\u00e9\u00e9 le collectif \u00ab\u00a0Women power\u00a0\u00bb. Il s\u2019agit d\u2019une s\u00e9rie d\u2019ateliers pour encourager les marocaines \u00e0 pers\u00e9v\u00e9rer dans leurs carri\u00e8res d\u2019artistes, surtout que bon nombre de ces femmes sont\u00a0 malheureusement\u00a0 frein\u00e9es\u00a0 dans leur \u00e9lan par leurs familles.<\/p>\n<p class=\"has-text-color has-vivid-red-color\"><strong>Quels sont\u00a0 vos projets d\u2019avenir ? S\u2019inscrivent-ils dans le m\u00eame esprit f\u00e9ministe?<\/strong><\/p>\n<p>Je pr\u00e9pare de nouvelles bandes dessin\u00e9es. La premi\u00e8re abordera la fameuse question d\u2019\u00e9galit\u00e9\u00a0 homme-femme. La deuxi\u00e8me est\u00a0 sur le racisme au Maroc et une troisi\u00e8me aura comme sujet Dihya tadmut mon ic\u00f4ne amazigh. Je travaille aussi sur une nouvelle collection de tableaux avec peinture \u00e0 l\u2019huile. J\u2019ai aussi comme ambition de m\u2019investir dans des projets collectifs pour aider les jeunes cr\u00e9atrices et artistes marocaines \u00e0 exposer leurs \u0153uvres.<\/p>\n<p>Auteur: M&rsquo;hammed rahal<br \/>\n<a href=\"http:\/\/albayane.press.ma\/le-sexisme-nest-pas-une-fatalite.html\">Cliquez ici pour lire l&rsquo;article depuis sa source.<\/a><\/p>\n","protected":false},"excerpt":{"rendered":"<p>Zaineb Fasiki, b\u00e9d\u00e9iste marocaine Propos recueillis par Younes Mustapha Exer\u00e7ant un m\u00e9tier tr\u00e8s prenant Zaineb Fasiki dessine, \u00e0 ses heures perdues, pour d\u00e9noncer la culture de la honte qui ronge la soci\u00e9t\u00e9 marocaine. Son livre\u00a0 \u00ab\u00a0Hschouma et sexualit\u00e9 au Maroc\u00a0\u00bb a eu, d\u00e8s sa sortie, un succ\u00e8s retentissant. On y retrouve les id\u00e9es qui animent [&hellip;]<\/p>\n","protected":false},"author":1760,"featured_media":94613,"comment_status":"closed","ping_status":"closed","sticky":false,"template":"","format":"standard","meta":{"fifu_image_url":"","fifu_image_alt":"","footnotes":""},"categories":[73,54],"tags":[],"class_list":["post-94612","post","type-post","status-publish","format-standard","has-post-thumbnail","hentry","category-actualite","category-maroc"],"_links":{"self":[{"href":"https:\/\/linitiative.ca\/International\/wp-json\/wp\/v2\/posts\/94612","targetHints":{"allow":["GET"]}}],"collection":[{"href":"https:\/\/linitiative.ca\/International\/wp-json\/wp\/v2\/posts"}],"about":[{"href":"https:\/\/linitiative.ca\/International\/wp-json\/wp\/v2\/types\/post"}],"author":[{"embeddable":true,"href":"https:\/\/linitiative.ca\/International\/wp-json\/wp\/v2\/users\/1760"}],"replies":[{"embeddable":true,"href":"https:\/\/linitiative.ca\/International\/wp-json\/wp\/v2\/comments?post=94612"}],"version-history":[{"count":0,"href":"https:\/\/linitiative.ca\/International\/wp-json\/wp\/v2\/posts\/94612\/revisions"}],"wp:featuredmedia":[{"embeddable":true,"href":"https:\/\/linitiative.ca\/International\/wp-json\/"}],"wp:attachment":[{"href":"https:\/\/linitiative.ca\/International\/wp-json\/wp\/v2\/media?parent=94612"}],"wp:term":[{"taxonomy":"category","embeddable":true,"href":"https:\/\/linitiative.ca\/International\/wp-json\/wp\/v2\/categories?post=94612"},{"taxonomy":"post_tag","embeddable":true,"href":"https:\/\/linitiative.ca\/International\/wp-json\/wp\/v2\/tags?post=94612"}],"curies":[{"name":"wp","href":"https:\/\/api.w.org\/{rel}","templated":true}]}}