{"id":94614,"date":"2020-08-05T11:09:27","date_gmt":"2020-08-05T15:09:27","guid":{"rendered":"https:\/\/linitiative.ca\/International\/covid-19-le-maroc-toujours-a-la-deuxieme-etape-de-propagation\/"},"modified":"2020-08-05T11:09:27","modified_gmt":"2020-08-05T15:09:27","slug":"covid-19-le-maroc-toujours-a-la-deuxieme-etape-de-propagation","status":"publish","type":"post","link":"https:\/\/linitiative.ca\/International\/covid-19-le-maroc-toujours-a-la-deuxieme-etape-de-propagation\/","title":{"rendered":"Covid-19: le Maroc toujours \u00e0 la deuxi\u00e8me \u00e9tape de propagation"},"content":{"rendered":"<p class=\"has-text-color has-vivid-cyan-blue-color\"><strong>Le Maroc est toujours \u00e0 la deuxi\u00e8me \u00e9tape de propagation du nouveau coronavirus comme l\u2019atteste le plus r\u00e9cent rapport de l\u2019Organisation mondiale de la sant\u00e9 (OMS), indique-t-on aupr\u00e8s du minist\u00e8re de la Sant\u00e9.<\/strong><\/p>\n<p>Ainsi conform\u00e9ment aux derni\u00e8res statistiques, le Maroc occupe la 59<sup>\u00e8me<\/sup> place au niveau mondial et la 6\u00e8me sur le plan continental en termes de nombre des cas d\u2019infection \u00e0 la Covid-19, a soulign\u00e9 mardi soir le coordonnateur du Centre national des op\u00e9rations d\u2019urgence de sant\u00e9 publique au minist\u00e8re de la Sant\u00e9, Mouad Mrabet, dans sa d\u00e9claration hebdomadaire sur la situation \u00e9pid\u00e9miologique.<\/p>\n<p>Le Royaume est en effet class\u00e9 66<sup>\u00e8me<\/sup> au niveau mondial et 7\u00e8me \u00e0 l\u2019\u00e9chelle continentale en termes de n<em>ombre des d\u00e9c\u00e8s, 35\u00e8me au niveau mondial et 2\u00e8me en Afrique en termes de tests de d\u00e9pistage Covid-19.<\/em><\/p>\n<p>M. Mrabet a pass\u00e9 en revue l\u2019\u00e9volution de la situation \u00e9pid\u00e9miologique en une semaine, pr\u00e9cisant que le nombre total des infections a atteint <strong>27,217<\/strong> cas, soit 70 personnes pour 100.000 et que le taux de gu\u00e9rison se situe \u00e0 72%, soit <strong>19,629<\/strong> r\u00e9missions.<\/p>\n<p>Par ailleurs, le responsable a d\u00e9plor\u00e9 l\u2019augmentation du nombre de d\u00e9c\u00e8s qui s\u2019\u00e9l\u00e8ve \u00e0 <strong>417<\/strong> apr\u00e8s la survenue de 69 nouveaux d\u00e9c\u00e8s la semaine derni\u00e8re, sachant qu\u2019un total de 23 d\u00e9c\u00e8s ont \u00e9t\u00e9 recens\u00e9s en juin, un chiffre qui a consid\u00e9rablement augment\u00e9 le mois suivant pour atteindre 125 d\u00e9c\u00e8s.<\/p>\n<p>En outre, la situation \u00e9pid\u00e9miologique \u00e9volue en trois \u00e9tapes principales, \u00e0 savoir \u00ab\u00a0l\u2019\u00e9tape de confinement\u00a0\u00bb, o\u00f9 le taux d\u2019incidence cumul\u00e9 a marqu\u00e9 une l\u00e9g\u00e8re augmentation avant de se stabiliser et, ensuite, diminuer pour atteindre 1 personne pour 100.000 par semaine, a-t-il relev\u00e9.<\/p>\n<p>La deuxi\u00e8me \u00e9tape concerne \u00ab\u00a0la lev\u00e9e progressive du confinement\u00a0\u00bb, caract\u00e9ris\u00e9e par une augmentation progressive de ce taux, qui finira par atteindre 6 personnes pour 100.000.<\/p>\n<p>Quant \u00e0 la troisi\u00e8me \u00e9tape, elle consiste en \u00ab\u00a0la lev\u00e9e approfondie du confinement\u00a0\u00bb, une phase marqu\u00e9e par l\u2019augmentation de l\u2019indicateur d\u2019incidence cumul\u00e9 pour s\u2019\u00e9tablir \u00e0 plus de 14 personnes pour 100.000 la semaine derni\u00e8re.<\/p>\n<p>Pour le nombre des cas actifs, M. Mrabet a mis l\u2019accent sur l\u2019augmentation consid\u00e9rable des personnes sous traitement, soit quelque 18 personnes pour 100.000.<\/p>\n<p>Interagissant avec les questions des citoyens via l\u2019application \u00ab\u00a0WhatsApp\u00a0\u00bb, le responsable a expliqu\u00e9 que la probabilit\u00e9 que le Sars-Cov2 se transmette par la nourriture est extr\u00eamement minime, voire impossible, puisqu\u2019il s\u2019agit d\u2019un virus respiratoire qui se propage principalement par les gouttelettes projet\u00e9es lorsqu\u2019une personne infect\u00e9e tousse ou \u00e9ternue.<\/p>\n<p>Il a d\u2019autre part soulign\u00e9, dans sa r\u00e9ponse \u00e0 une question relative \u00e0 la dur\u00e9e de vie du virus dans l\u2019air, que d\u2019apr\u00e8s les \u00e9tudes le coronavirus survit jusqu\u2019\u00e0 3 ou 4 heures \u00e0 l\u2019air libre, ce qui impose l\u2019a\u00e9ration continue des maisons et espaces de travail.<\/p>\n<p>Par ailleurs, le coordonnateur du Centre national des op\u00e9rations d\u2019urgence de sant\u00e9 publique a affirm\u00e9 que les tests de d\u00e9pistage Covid-19 sont gratuits dans le cadre du syst\u00e8me de suivi des contacts et des malades atteints de la Covid-19 au sein des h\u00f4pitaux. Cependant, toute personne souhaitant effectuer le test pour des raisons personnelles est tenu d\u2019en r\u00e9gler les frais, a-t-il conclu.<\/p>\n<p>Auteur: M&rsquo;hammed rahal<br \/>\n<a href=\"http:\/\/albayane.press.ma\/covid-19-le-maroc-toujours-a-la-deuxieme-etape-de-propagation.html\">Cliquez ici pour lire l&rsquo;article depuis sa source.<\/a><\/p>\n","protected":false},"excerpt":{"rendered":"<p>Le Maroc est toujours \u00e0 la deuxi\u00e8me \u00e9tape de propagation du nouveau coronavirus comme l\u2019atteste le plus r\u00e9cent rapport de l\u2019Organisation mondiale de la sant\u00e9 (OMS), indique-t-on aupr\u00e8s du minist\u00e8re de la Sant\u00e9. Ainsi conform\u00e9ment aux derni\u00e8res statistiques, le Maroc occupe la 59\u00e8me place au niveau mondial et la 6\u00e8me sur le plan continental en [&hellip;]<\/p>\n","protected":false},"author":1760,"featured_media":0,"comment_status":"closed","ping_status":"closed","sticky":false,"template":"","format":"standard","meta":{"fifu_image_url":"","fifu_image_alt":"","footnotes":""},"categories":[73,54],"tags":[],"class_list":["post-94614","post","type-post","status-publish","format-standard","hentry","category-actualite","category-maroc"],"_links":{"self":[{"href":"https:\/\/linitiative.ca\/International\/wp-json\/wp\/v2\/posts\/94614","targetHints":{"allow":["GET"]}}],"collection":[{"href":"https:\/\/linitiative.ca\/International\/wp-json\/wp\/v2\/posts"}],"about":[{"href":"https:\/\/linitiative.ca\/International\/wp-json\/wp\/v2\/types\/post"}],"author":[{"embeddable":true,"href":"https:\/\/linitiative.ca\/International\/wp-json\/wp\/v2\/users\/1760"}],"replies":[{"embeddable":true,"href":"https:\/\/linitiative.ca\/International\/wp-json\/wp\/v2\/comments?post=94614"}],"version-history":[{"count":0,"href":"https:\/\/linitiative.ca\/International\/wp-json\/wp\/v2\/posts\/94614\/revisions"}],"wp:attachment":[{"href":"https:\/\/linitiative.ca\/International\/wp-json\/wp\/v2\/media?parent=94614"}],"wp:term":[{"taxonomy":"category","embeddable":true,"href":"https:\/\/linitiative.ca\/International\/wp-json\/wp\/v2\/categories?post=94614"},{"taxonomy":"post_tag","embeddable":true,"href":"https:\/\/linitiative.ca\/International\/wp-json\/wp\/v2\/tags?post=94614"}],"curies":[{"name":"wp","href":"https:\/\/api.w.org\/{rel}","templated":true}]}}