{"id":94617,"date":"2020-08-05T08:14:03","date_gmt":"2020-08-05T12:14:03","guid":{"rendered":"https:\/\/linitiative.ca\/International\/elyes-fakhfakh-presente-ses-condoleances-au-peuple-libanais\/"},"modified":"2020-08-05T08:14:03","modified_gmt":"2020-08-05T12:14:03","slug":"elyes-fakhfakh-presente-ses-condoleances-au-peuple-libanais","status":"publish","type":"post","link":"https:\/\/linitiative.ca\/International\/elyes-fakhfakh-presente-ses-condoleances-au-peuple-libanais\/","title":{"rendered":"Elyes Fakhfakh pr\u00e9sente ses condol\u00e9ances au peuple libanais"},"content":{"rendered":"<div class=\"desc descp__content\" data-io-article-url=\"https:\/\/www.mosaiquefm.net\/fr\/actualite-national-tunisie\/777673\/elyes-fakhfakh-presente-ses-condoleances-au-peuple-libanais\">\n<p><strong>Le chef du gouvernement de gestion des affaires courantes, Elyes Fakhfakh, a rendu visite, ce mercredi 5 ao\u00fbt, \u00e0 l\u2019ambassadeur du Liban \u00e0 Tunis, Tony Frangi\u00e9, \u00e0 son lieu de sa r\u00e9sidence.<\/strong><\/p>\n<p>A cette occasion, Fakhfakh a pr\u00e9sent\u00e9 ses condol\u00e9ances, au nom du gouvernement et du peuple tunisiens, au peuple libanais suite aux deux explosions qui ont secou\u00e9, mardi, le port de la capitale libanaise faisant des dizaines de victimes et des milliers de bless\u00e9s.<\/p>\n<p>Cit\u00e9 dans un communiqu\u00e9 de la Pr\u00e9sidence du gouvernement, Fakhfakh a \u00e9galement exprim\u00e9 la solidarit\u00e9 du gouvernement tunisien envers le Liban en ces circonstances douloureuses.<\/p>\n<p>Il a affirm\u00e9 que la Tunisie se tient aux c\u00f4t\u00e9s des Libanais et qu\u2019elle est d\u00e9termin\u00e9e \u00e0 soutenir ce pays fr\u00e8re, durement touch\u00e9 par ce drame.<\/p>\n<p>L\u2019ambassadeur libanais a salu\u00e9 la position de la Tunisie et la vague de solidarit\u00e9 manifest\u00e9e par le peuple tunisien envers le Liban.<\/p>\n<p><strong>mosaiquefm<\/strong><\/p>\n<\/div>\n<div class=\"wp-post-author-wrap wp-post-author-shortcode left\">\n<h3 class=\"awpa-title\"\/>\n<div class=\"wp-post-author\">\n<div class=\"awpa-img awpa-author-block square\"><a href=\"http:\/\/lexpertjournal.net\/fr\/?author=5\"><img loading=\"lazy\" decoding=\"async\" alt=\"\" src=\"http:\/\/0.gravatar.com\/avatar\/97f8e10a1c1125ba104a76514ee07b16?s=150&amp;d=mm&amp;r=g\" srcset=\"http:\/\/0.gravatar.com\/avatar\/97f8e10a1c1125ba104a76514ee07b16?s=300&amp;d=mm&amp;r=g 2x\" class=\"avatar avatar-150 photo\" height=\"150\" width=\"150\"\/><\/a><\/div>\n<\/div>\n<\/div>\n<aside class=\"mashsb-container mashsb-main mashsb-stretched\">\n<\/aside>\n<p>Auteur: L&rsquo;expert<br \/>\n<a href=\"http:\/\/lexpertjournal.net\/fr\/?p=16000\">Cliquez ici pour lire l&rsquo;article depuis sa source.<\/a><\/p>\n","protected":false},"excerpt":{"rendered":"<p>Le chef du gouvernement de gestion des affaires courantes, Elyes Fakhfakh, a rendu visite, ce mercredi 5 ao\u00fbt, \u00e0 l\u2019ambassadeur du Liban \u00e0 Tunis, Tony Frangi\u00e9, \u00e0 son lieu de sa r\u00e9sidence. A cette occasion, Fakhfakh a pr\u00e9sent\u00e9 ses condol\u00e9ances, au nom du gouvernement et du peuple tunisiens, au peuple libanais suite aux deux explosions [&hellip;]<\/p>\n","protected":false},"author":1775,"featured_media":0,"comment_status":"closed","ping_status":"closed","sticky":false,"template":"","format":"standard","meta":{"fifu_image_url":"","fifu_image_alt":"","footnotes":""},"categories":[78,55],"tags":[],"class_list":["post-94617","post","type-post","status-publish","format-standard","hentry","category-economie","category-tunisie"],"_links":{"self":[{"href":"https:\/\/linitiative.ca\/International\/wp-json\/wp\/v2\/posts\/94617","targetHints":{"allow":["GET"]}}],"collection":[{"href":"https:\/\/linitiative.ca\/International\/wp-json\/wp\/v2\/posts"}],"about":[{"href":"https:\/\/linitiative.ca\/International\/wp-json\/wp\/v2\/types\/post"}],"author":[{"embeddable":true,"href":"https:\/\/linitiative.ca\/International\/wp-json\/wp\/v2\/users\/1775"}],"replies":[{"embeddable":true,"href":"https:\/\/linitiative.ca\/International\/wp-json\/wp\/v2\/comments?post=94617"}],"version-history":[{"count":0,"href":"https:\/\/linitiative.ca\/International\/wp-json\/wp\/v2\/posts\/94617\/revisions"}],"wp:attachment":[{"href":"https:\/\/linitiative.ca\/International\/wp-json\/wp\/v2\/media?parent=94617"}],"wp:term":[{"taxonomy":"category","embeddable":true,"href":"https:\/\/linitiative.ca\/International\/wp-json\/wp\/v2\/categories?post=94617"},{"taxonomy":"post_tag","embeddable":true,"href":"https:\/\/linitiative.ca\/International\/wp-json\/wp\/v2\/tags?post=94617"}],"curies":[{"name":"wp","href":"https:\/\/api.w.org\/{rel}","templated":true}]}}