{"id":94618,"date":"2020-08-05T08:17:04","date_gmt":"2020-08-05T12:17:04","guid":{"rendered":"https:\/\/linitiative.ca\/International\/la-tunisie-envoie-deux-avions-charges-dequipements-medicaux-au-liban\/"},"modified":"2020-08-05T08:17:04","modified_gmt":"2020-08-05T12:17:04","slug":"la-tunisie-envoie-deux-avions-charges-dequipements-medicaux-au-liban","status":"publish","type":"post","link":"https:\/\/linitiative.ca\/International\/la-tunisie-envoie-deux-avions-charges-dequipements-medicaux-au-liban\/","title":{"rendered":"La Tunisie envoie deux avions charg\u00e9s d\u2019\u00e9quipements m\u00e9dicaux au Liban"},"content":{"rendered":"<p>La pr\u00e9sidence de la r\u00e9publique a annonc\u00e9 dans un communiqu\u00e9 que le pr\u00e9sident de la r\u00e9publique, Ka\u00efs Sa\u00efed a ordonn\u00e9 l\u2019envoi de deux avions militaires charg\u00e9s d\u2019\u00e9quipements m\u00e9dicaux, m\u00e9dicaments et des rations de survie au Liban en toute urgence suite au drame qui s\u2019est produit hier au port de Beyrouth.<\/p>\n<p>La pr\u00e9sidence de la r\u00e9publique a annonc\u00e9 que 100 bless\u00e9s seront ramen\u00e9s en Tunisie et plac\u00e9s dans les h\u00f4pitaux tunisiens, dont notamment l\u2019h\u00f4pital militaire.<\/p>\n<p>mosaiquefm<\/p>\n<div class=\"wp-post-author-wrap wp-post-author-shortcode left\">\n<h3 class=\"awpa-title\"\/>\n<div class=\"wp-post-author\">\n<div class=\"awpa-img awpa-author-block square\"><a href=\"http:\/\/lexpertjournal.net\/fr\/?author=5\"><img loading=\"lazy\" decoding=\"async\" alt=\"\" src=\"http:\/\/0.gravatar.com\/avatar\/97f8e10a1c1125ba104a76514ee07b16?s=150&amp;d=mm&amp;r=g\" srcset=\"http:\/\/0.gravatar.com\/avatar\/97f8e10a1c1125ba104a76514ee07b16?s=300&amp;d=mm&amp;r=g 2x\" class=\"avatar avatar-150 photo\" height=\"150\" width=\"150\"\/><\/a><\/div>\n<\/div>\n<\/div>\n<aside class=\"mashsb-container mashsb-main mashsb-stretched\">\n<\/aside>\n<p>Auteur: L&rsquo;expert<br \/>\n<a href=\"http:\/\/lexpertjournal.net\/fr\/?p=16003\">Cliquez ici pour lire l&rsquo;article depuis sa source.<\/a><\/p>\n","protected":false},"excerpt":{"rendered":"<p>La pr\u00e9sidence de la r\u00e9publique a annonc\u00e9 dans un communiqu\u00e9 que le pr\u00e9sident de la r\u00e9publique, Ka\u00efs Sa\u00efed a ordonn\u00e9 l\u2019envoi de deux avions militaires charg\u00e9s d\u2019\u00e9quipements m\u00e9dicaux, m\u00e9dicaments et des rations de survie au Liban en toute urgence suite au drame qui s\u2019est produit hier au port de Beyrouth. La pr\u00e9sidence de la r\u00e9publique [&hellip;]<\/p>\n","protected":false},"author":1775,"featured_media":0,"comment_status":"closed","ping_status":"closed","sticky":false,"template":"","format":"standard","meta":{"fifu_image_url":"","fifu_image_alt":"","footnotes":""},"categories":[78,55],"tags":[],"class_list":["post-94618","post","type-post","status-publish","format-standard","hentry","category-economie","category-tunisie"],"_links":{"self":[{"href":"https:\/\/linitiative.ca\/International\/wp-json\/wp\/v2\/posts\/94618","targetHints":{"allow":["GET"]}}],"collection":[{"href":"https:\/\/linitiative.ca\/International\/wp-json\/wp\/v2\/posts"}],"about":[{"href":"https:\/\/linitiative.ca\/International\/wp-json\/wp\/v2\/types\/post"}],"author":[{"embeddable":true,"href":"https:\/\/linitiative.ca\/International\/wp-json\/wp\/v2\/users\/1775"}],"replies":[{"embeddable":true,"href":"https:\/\/linitiative.ca\/International\/wp-json\/wp\/v2\/comments?post=94618"}],"version-history":[{"count":0,"href":"https:\/\/linitiative.ca\/International\/wp-json\/wp\/v2\/posts\/94618\/revisions"}],"wp:attachment":[{"href":"https:\/\/linitiative.ca\/International\/wp-json\/wp\/v2\/media?parent=94618"}],"wp:term":[{"taxonomy":"category","embeddable":true,"href":"https:\/\/linitiative.ca\/International\/wp-json\/wp\/v2\/categories?post=94618"},{"taxonomy":"post_tag","embeddable":true,"href":"https:\/\/linitiative.ca\/International\/wp-json\/wp\/v2\/tags?post=94618"}],"curies":[{"name":"wp","href":"https:\/\/api.w.org\/{rel}","templated":true}]}}