{"id":94619,"date":"2020-08-05T08:19:22","date_gmt":"2020-08-05T12:19:22","guid":{"rendered":"https:\/\/linitiative.ca\/International\/rafael-nadal-renonce-a-lus-open\/"},"modified":"2020-08-05T08:19:22","modified_gmt":"2020-08-05T12:19:22","slug":"rafael-nadal-renonce-a-lus-open","status":"publish","type":"post","link":"https:\/\/linitiative.ca\/International\/rafael-nadal-renonce-a-lus-open\/","title":{"rendered":"Rafael Nadal renonce \u00e0 l\u2019US Open"},"content":{"rendered":"<div class=\"desc descp__content\" data-io-article-url=\"https:\/\/www.mosaiquefm.net\/fr\/actualites-sport-tunisie\/777681\/rafael-nadal-renonce-a-l-us-open\">\n<p>L\u2019Espagnol Rafael Nadal, N.2 mondial et tenant du troph\u00e9e \u00e0 l\u2019US Open, a annonc\u00e9 mardi sur les r\u00e9seaux sociaux qu\u2019il ne d\u00e9fendrait pas son titre \u00e0 New York cette ann\u00e9e en raison des conditions sanitaires incertaines et d\u2019un nouveau calendrier qu\u2019il qualifie \u00ab de folie \u00bb<\/p>\n<p>\u00ab Apr\u00e8s m\u00fbre r\u00e9flexion, j\u2019ai d\u00e9cid\u00e9 de ne pas participer \u00e0 l\u2019US Open cette ann\u00e9e.<\/p>\n<p>La situation sanitaire est encore tr\u00e8s compliqu\u00e9e dans le monde entier avec des cas de COVID-19 et des nouveaux foyers \u00e9pid\u00e9miques qui semblent hors de contr\u00f4le \u00bb, \u00e9crit le d\u00e9tenteur de 19 titres du Grand Chelem sur son compte Twitter, avant de s\u2019en prendre au tr\u00e8s dense calendrier post-coronavirus \u00e9tabli par l\u2019ATP.<\/p>\n<p>\u00ab Nous savons que le calendrier apr\u00e8s quatre mois sans jouer est une folie \u00bb, lance Nadal, alors que l\u2019US Open, \u00e0 partir du 31 ao\u00fbt, et<br \/>Roland-Garros, \u00e0 partir du 27 septembre, sont pr\u00e9vus coup sur coup, chacun pr\u00e9c\u00e9d\u00e9 d\u2019un Masters 1000, \u00e0 Cincinnati et \u00e0 Rome. Celui de Madrid a \u00e9t\u00e9 d\u00e9finitivement annul\u00e9 plus t\u00f4t dans la journ\u00e9e.<\/p>\n<p>\u00ab C\u2019est une d\u00e9cision que je n\u2019aurais jamais voulu prendre mais, pour cette fois, je suis mon coeur qui me dit que, pour l\u2019instant, je pr\u00e9f\u00e8re ne pas voyager \u00bb, poursuit-il.<\/p>\n<p>\u00ab Si je comprends et remercie tout le monde pour les efforts qu\u2019ils font pour que des tournois se jouent, \u00e0 ce jour, la situation est compliqu\u00e9e pour en organiser \u00bb, insiste le joueur espagnol.<\/p>\n<p>La d\u00e9cision de Nadal (34 ans) \u00e9tait attendue mais n\u2019est pas vraiment une surprise pour autant, tant il avait fait part \u00e0 plusieurs reprises de ses r\u00e9serves. Et l\u2019encha\u00eenement direct qui se profilait avec la terre battue qui lui est si ch\u00e8re n\u2019arrangeait rien.<\/p>\n<p>Si Nadal passe son tour, le N.1 mondial Novak Djokovic est lui bien inscrit sur la liste des engag\u00e9s communiqu\u00e9e mardi par les organisateurs du tournoi.<\/p>\n<p>Comme six autres membres du top 10, dont Dominic Thiem, Daniil Medvedev, Stefanos Tsitsipas ou Alexander Zverev.<\/p>\n<p>Outre Nadal et Federer, lui absent jusqu\u2019en 2021 apr\u00e8s une seconde op\u00e9ration du genou droit, manquent \u00e9galement \u00e0 l\u2019appel le Fran\u00e7ais Ga\u00ebl Monfils (N.9) et le Suisse Stan Wawrinka, sacr\u00e9 \u00e0 Flushing Meadows en 2016.<\/p>\n<p>C\u00f4t\u00e9 WTA, \u00e0 l\u2019exception de la N.1 mondiale australienne Ashleigh Barty, qui avait d\u00e9j\u00e0 annonc\u00e9 sa d\u00e9cision, l\u2019ensemble du top 10 est inscrit \u00e0 ce stade.<\/p>\n<\/div>\n<div class=\"wp-post-author-wrap wp-post-author-shortcode left\">\n<h3 class=\"awpa-title\"\/>\n<div class=\"wp-post-author\">\n<div class=\"awpa-img awpa-author-block square\"><a href=\"http:\/\/lexpertjournal.net\/fr\/?author=5\"><img loading=\"lazy\" decoding=\"async\" alt=\"\" src=\"http:\/\/0.gravatar.com\/avatar\/97f8e10a1c1125ba104a76514ee07b16?s=150&amp;d=mm&amp;r=g\" srcset=\"http:\/\/0.gravatar.com\/avatar\/97f8e10a1c1125ba104a76514ee07b16?s=300&amp;d=mm&amp;r=g 2x\" class=\"avatar avatar-150 photo\" height=\"150\" width=\"150\"\/><\/a><\/div>\n<\/div>\n<\/div>\n<aside class=\"mashsb-container mashsb-main mashsb-stretched\">\n<\/aside>\n<p>Auteur: L&rsquo;expert<br \/>\n<a href=\"http:\/\/lexpertjournal.net\/fr\/?p=16006\">Cliquez ici pour lire l&rsquo;article depuis sa source.<\/a><\/p>\n","protected":false},"excerpt":{"rendered":"<p>L\u2019Espagnol Rafael Nadal, N.2 mondial et tenant du troph\u00e9e \u00e0 l\u2019US Open, a annonc\u00e9 mardi sur les r\u00e9seaux sociaux qu\u2019il ne d\u00e9fendrait pas son titre \u00e0 New York cette ann\u00e9e en raison des conditions sanitaires incertaines et d\u2019un nouveau calendrier qu\u2019il qualifie \u00ab de folie \u00bb \u00ab Apr\u00e8s m\u00fbre r\u00e9flexion, j\u2019ai d\u00e9cid\u00e9 de ne pas [&hellip;]<\/p>\n","protected":false},"author":1775,"featured_media":0,"comment_status":"closed","ping_status":"closed","sticky":false,"template":"","format":"standard","meta":{"fifu_image_url":"","fifu_image_alt":"","footnotes":""},"categories":[78,55],"tags":[],"class_list":["post-94619","post","type-post","status-publish","format-standard","hentry","category-economie","category-tunisie"],"_links":{"self":[{"href":"https:\/\/linitiative.ca\/International\/wp-json\/wp\/v2\/posts\/94619","targetHints":{"allow":["GET"]}}],"collection":[{"href":"https:\/\/linitiative.ca\/International\/wp-json\/wp\/v2\/posts"}],"about":[{"href":"https:\/\/linitiative.ca\/International\/wp-json\/wp\/v2\/types\/post"}],"author":[{"embeddable":true,"href":"https:\/\/linitiative.ca\/International\/wp-json\/wp\/v2\/users\/1775"}],"replies":[{"embeddable":true,"href":"https:\/\/linitiative.ca\/International\/wp-json\/wp\/v2\/comments?post=94619"}],"version-history":[{"count":0,"href":"https:\/\/linitiative.ca\/International\/wp-json\/wp\/v2\/posts\/94619\/revisions"}],"wp:attachment":[{"href":"https:\/\/linitiative.ca\/International\/wp-json\/wp\/v2\/media?parent=94619"}],"wp:term":[{"taxonomy":"category","embeddable":true,"href":"https:\/\/linitiative.ca\/International\/wp-json\/wp\/v2\/categories?post=94619"},{"taxonomy":"post_tag","embeddable":true,"href":"https:\/\/linitiative.ca\/International\/wp-json\/wp\/v2\/tags?post=94619"}],"curies":[{"name":"wp","href":"https:\/\/api.w.org\/{rel}","templated":true}]}}