{"id":94624,"date":"2020-08-05T13:18:14","date_gmt":"2020-08-05T17:18:14","guid":{"rendered":"https:\/\/linitiative.ca\/International\/formation-sur-les-lifeskills-au-profit-de-fonctionnaires-de-la-commune\/"},"modified":"2020-08-05T13:18:14","modified_gmt":"2020-08-05T17:18:14","slug":"formation-sur-les-lifeskills-au-profit-de-fonctionnaires-de-la-commune","status":"publish","type":"post","link":"https:\/\/linitiative.ca\/International\/formation-sur-les-lifeskills-au-profit-de-fonctionnaires-de-la-commune\/","title":{"rendered":"Formation sur \u00ab\u00a0les Lifeskills\u00a0\u00bb au profit de fonctionnaires de la Commune"},"content":{"rendered":"<div readability=\"37\">\n<p>Essaouira \u2013 Une session de formation sur les \u00ab\u00a0Lifeskills\u00a0\u00bb est organis\u00e9e, du 4 au 7 ao\u00fbt, au profit de cadres et de fonctionnaires de la Commune d\u2019Essaouira, avec pour objectif de renforcer leurs capacit\u00e9s et comp\u00e9tences professionnelles.<\/p>\n<\/div>\n<div readability=\"127\">\n<p>Initi\u00e9e sous le th\u00e8me \u00ab\u00a0Les lifeskills : Comment se doter des nouvelles comp\u00e9tences n\u00e9cessaires \u00e0 la gestion de la ville en situation de crise?\u00a0\u00bb, cette session est organis\u00e9e par la Commune en partenariat et en coop\u00e9ration avec le Centre International de Recherche et de Renforcement des Capacit\u00e9s (CI2RC) relevant de l\u2019Ecole Sup\u00e9rieure de Technologie (EST) d\u2019Essaouira et la Fondation allemande Friedrich Naumann pour la libert\u00e9.<\/p>\n<p>Anim\u00e9e par un parterre d\u2019\u00e9minents professeurs issus de l\u2019EST d\u2019Essaouira, cette formation, dont b\u00e9n\u00e9ficient les cadres ainsi que les chefs de divisions et de services de la Commune, se d\u00e9roule dans le respect strict des mesures pr\u00e9ventives et sanitaires d\u00e9cr\u00e9t\u00e9es par les autorit\u00e9s comp\u00e9tentes en vue de lutter contre la propagation de la pand\u00e9mie du nouveau coronavirus (Covid-19).<\/p>\n<p>Dans une d\u00e9claration \u00e0 la MAP \u00e0 cette occasion, le directeur des services \u00e0 la Commune d\u2019Essaouira, M. Khalid Laaouane, a indiqu\u00e9 que cette session de formation s\u2019inscrit dans le cadre des efforts et actions men\u00e9s par la Commune en vue de renforcer les comp\u00e9tences de son personnel, soulignant l\u2019importance primordiale et les incidences positives de la formation sur le parcours professionnel du fonctionnaire communal, notamment en termes de consolidation de ses capacit\u00e9s dans divers domaines.<\/p>\n<p>Cette formation, a-t-il ajout\u00e9, intervient aussi dans le sillage de l\u2019ouverture de la Commune sur les partenaires et les acteurs s\u2019activant dans le champ scientifique, en tant que l\u2019un des piliers majeurs de l\u2019administration locale productive et agissante et de la qualification des ressources humaines de la Commune.<\/p>\n<p>Elle s\u2019inscrit \u00e9galement dans le cadre de la mise en \u0153uvre d\u2019une initiative conjointe inh\u00e9rente au traitement et \u00e0 l\u2019examen du principal sujet d\u2019actualit\u00e9, \u00e0 savoir la gestion de la crise induite par la propagation de la pand\u00e9mie de la Covid-19, devenue une crise plan\u00e9taire exceptionnelle \u00e0 tous \u00e9gards, a-t-il encha\u00een\u00e9.<\/p>\n<p>Et M. Laaouane de noter que cette session de formation vise essentiellement \u00e0 doter le fonctionnaire communal des outils \u00e0 m\u00eame de lui permettre de traiter et d\u2019interagir avec l\u2019efficacit\u00e9 et l\u2019efficience requises avec les diff\u00e9rentes crises \u00e0 multiples niveaux, ainsi que d\u2019exploiter de mani\u00e8re positive la gestion de la crise.<\/p>\n<p>Dans une d\u00e9claration similaire, la pr\u00e9sidente du CI2RC, Mme Kholoud Kahime, a indiqu\u00e9 que le Centre, en partenariat avec la Fondation Friedrich Naumann pour la libert\u00e9 et la Commune d\u2019Essaouira, s\u2019engagent dans une dynamique structur\u00e9e et dans une strat\u00e9gie de d\u00e9veloppement de la ville, avec comme v\u00e9ritable fil rouge de cette orientation, la volont\u00e9 de contribuer au renforcement des capacit\u00e9s des acteurs locaux, notamment de la commune d\u2019Essaouira, \u00e0 travers l\u2019adoption d\u2019une approche p\u00e9dagogique nouvelle, bas\u00e9e sur l\u2019innovation des m\u00e9thodes d\u2019apprentissage et la mise en place d\u2019un plan de formation en \u00ab\u00a0lifeskills\u00a0\u00bb.<\/p>\n<p>Dans ce cadre, Mme Kahime, \u00e9galement professeure \u00e0 l\u2019EST d\u2019Essaouira, a soulign\u00e9 que cette formation s\u2019assigne pour principaux objectifs de d\u00e9velopper les comp\u00e9tences personnelles et interpersonnelles des participants (gestionnaires et responsables des services de la Commune urbaine de la ville d\u2019Essaouira), de renforcer la coh\u00e9sion de leur \u00e9quipe pour promouvoir la performance collective, et de booster l\u2019intelligence collective et le travail en groupe.<\/p>\n<p>Elle vise, en outre, \u00e0 d\u00e9terminer et \u00e0 d\u00e9velopper le quotidien \u00ab\u00a0\u00e9motionnel\u00a0\u00bb des b\u00e9n\u00e9ficiaires et d\u2019outiller les participants pour mieux organiser et animer une r\u00e9union, a-t-elle poursuivi.<\/p>\n<p>Mme Kahime a relev\u00e9 que cette formation est scind\u00e9e en plusieurs ateliers-modules, qui traitent de plusieurs th\u00e8mes se rapportant \u00e0 la \u00ab\u00a0Communication professionnelle\u00a0\u00bb, aux \u00ab\u00a0Techniques de leadership\u00a0\u00bb, au \u00ab\u00a0D\u00e9veloppement de l\u2019intelligence \u00e9motionnelle\u00a0\u00bb et \u00e0 la \u00ab\u00a0Gestion de stress au travail\u00a0\u00bb.<\/p>\n<p>Ainsi, le CI2RC innove sans rel\u00e2che et raffermit ainsi son positionnement r\u00e9gional, a affirm\u00e9 Mme Kahime, ajoutant que cette structure entend devenir un \u00ab\u00a0smart\u00a0\u00bb Centre visible et exemplaire, socialement responsable et engag\u00e9, et pivot de son environnement \u00e9conomique, r\u00e9gional et national.<\/p>\n<\/div>\n<p>Auteur: Meriem IGASS<br \/>\n<a href=\"http:\/\/www.mapmarrakech.ma\/fr\/formation-sur-les-lifeskills-au-profit-de-fonctionnaires-de-la-commune\/\">Cliquez ici pour lire l&rsquo;article depuis sa source.<\/a><\/p>\n","protected":false},"excerpt":{"rendered":"<p>Essaouira \u2013 Une session de formation sur les \u00ab\u00a0Lifeskills\u00a0\u00bb est organis\u00e9e, du 4 au 7 ao\u00fbt, au profit de cadres et de fonctionnaires de la Commune d\u2019Essaouira, avec pour objectif de renforcer leurs capacit\u00e9s et comp\u00e9tences professionnelles. Initi\u00e9e sous le th\u00e8me \u00ab\u00a0Les lifeskills : Comment se doter des nouvelles comp\u00e9tences n\u00e9cessaires \u00e0 la gestion de [&hellip;]<\/p>\n","protected":false},"author":1788,"featured_media":0,"comment_status":"closed","ping_status":"closed","sticky":false,"template":"","format":"standard","meta":{"fifu_image_url":"","fifu_image_alt":"","footnotes":""},"categories":[54,76],"tags":[],"class_list":["post-94624","post","type-post","status-publish","format-standard","hentry","category-maroc","category-regions"],"_links":{"self":[{"href":"https:\/\/linitiative.ca\/International\/wp-json\/wp\/v2\/posts\/94624","targetHints":{"allow":["GET"]}}],"collection":[{"href":"https:\/\/linitiative.ca\/International\/wp-json\/wp\/v2\/posts"}],"about":[{"href":"https:\/\/linitiative.ca\/International\/wp-json\/wp\/v2\/types\/post"}],"author":[{"embeddable":true,"href":"https:\/\/linitiative.ca\/International\/wp-json\/wp\/v2\/users\/1788"}],"replies":[{"embeddable":true,"href":"https:\/\/linitiative.ca\/International\/wp-json\/wp\/v2\/comments?post=94624"}],"version-history":[{"count":0,"href":"https:\/\/linitiative.ca\/International\/wp-json\/wp\/v2\/posts\/94624\/revisions"}],"wp:attachment":[{"href":"https:\/\/linitiative.ca\/International\/wp-json\/wp\/v2\/media?parent=94624"}],"wp:term":[{"taxonomy":"category","embeddable":true,"href":"https:\/\/linitiative.ca\/International\/wp-json\/wp\/v2\/categories?post=94624"},{"taxonomy":"post_tag","embeddable":true,"href":"https:\/\/linitiative.ca\/International\/wp-json\/wp\/v2\/tags?post=94624"}],"curies":[{"name":"wp","href":"https:\/\/api.w.org\/{rel}","templated":true}]}}