{"id":94663,"date":"2020-08-05T09:38:00","date_gmt":"2020-08-05T13:38:00","guid":{"rendered":"https:\/\/linitiative.ca\/International\/les-explosions-de-beyrouth-le-chef-de-letat-ordonne-lenvoi-durgence-de-2-avions-militaires-charges-de-daides-humanitaires-au-liban-et-une-equipe-medicale\/"},"modified":"2020-08-05T09:38:00","modified_gmt":"2020-08-05T13:38:00","slug":"les-explosions-de-beyrouth-le-chef-de-letat-ordonne-lenvoi-durgence-de-2-avions-militaires-charges-de-daides-humanitaires-au-liban-et-une-equipe-medicale","status":"publish","type":"post","link":"https:\/\/linitiative.ca\/International\/les-explosions-de-beyrouth-le-chef-de-letat-ordonne-lenvoi-durgence-de-2-avions-militaires-charges-de-daides-humanitaires-au-liban-et-une-equipe-medicale\/","title":{"rendered":"Les explosions de Beyrouth : le chef de l&rsquo;Etat ordonne l&rsquo;envoi d&rsquo;urgence de 2 avions militaires charg\u00e9s de d&rsquo;aides humanitaires au liban et une \u00e9quipe m\u00e9dicale"},"content":{"rendered":"<p>Le pr\u00e9sident de la R\u00e9publique Ka\u00efs Sa\u00efed a ordonn\u00e9 de d\u00e9p\u00eacher d\u2019urgence deux avions militaires charg\u00e9s d\u2019aides humanitaires au Liban.C&rsquo;\u00e9tait lors de la rencontre consacr\u00e9e mercredi \u00e0 l\u2019examen des moyens de soutenir le Liban suite aux explosions survenues dans la capitale libanaise qu&rsquo;il a eue avec le ministre de la D\u00e9fense Imed Hazgui, le ministre des Affaires sociales et ministre de la Sant\u00e9 par int\u00e9rim Habib Kchaou.<\/p>\n<p>Le chef de l&rsquo;Etat a \u00e9galement, ordonn\u00e9 de d\u00e9p\u00eacher une \u00e9quipe m\u00e9dicale au Liban et propos\u00e9 l&rsquo;accueil de cent bless\u00e9s, pour \u00eatre pris en charge dans des h\u00f4pitaux Tunisiens (l\u2019h\u00f4pital militaire et autres \u00e9tablissements).<\/p>\n<p>Selon un communiqu\u00e9 de la pr\u00e9sidence, l\u2019entretien a \u00e9t\u00e9 l\u2019occasion de r\u00e9it\u00e9rer la solidarit\u00e9 de la Tunisie avec le peuple libanais fr\u00e8re en cette tragique \u00e9preuve et son engagement \u00e0 se tenir \u00e0 son c\u00f4t\u00e9 en cette conjoncture qui commande de renforcer la solidarit\u00e9 et l\u2019entraide entre les peuples.<\/p>\n<p>Ka\u00efs Sa\u00efed avait d\u00e9j\u00e0 adress\u00e9 \u00e0 son homologue libanais, le pr\u00e9sident Michel Aoun, un t\u00e9l\u00e9gramme o\u00f9 il lui a pr\u00e9sent\u00e9 en son nom et celui du peuple tunisien, \u00ab ses sinc\u00e8res condol\u00e9ances en cet \u00e9v\u00e9nement douloureux \u00bb, exprimant ses v\u0153ux de prompt r\u00e9tablissement aux bless\u00e9s.<\/p>\n<p>La Tunisie a \u00e9t\u00e9 parmi les premiers pays \u00e0 exprimer son \u00e9lan de solidarit\u00e9 \u00e0 l\u2019endroit du peuple libanais fr\u00e8re,\u00a0 d\u00e8s l\u2019annonce de ce drame, dont le bilan en vies humaines, en bless\u00e9s autant qu\u2019en d\u00e9g\u00e2ts mat\u00e9riels n\u2019est pas encore d\u00e9finitif.<\/p>\n<p><strong>Lire aussi<\/strong><\/p>\n<p><a href=\"https:\/\/www.leaders.com.tn\/article\/30379-deux-fortes-explosions-a-beyrouth-bilan-provisoire-une-centaine-de-morts-et-4000-blesses\" target=\"_blank\" rel=\"noopener noreferrer\">Deux fortes explosions \u00e0 Beyrouth, bilan provisoire: une centaine de morts et 4000 bless\u00e9s<\/a><\/p>\n<p>Auteur:<br \/>\n<a href=\"https:\/\/www.leaders.com.tn\/article\/30380-les-explosions-de-beyrouth-le-chef-de-l-etat-ordonne-l-envoi-d-urgence-de-2-avions-militaires-charges-de-d-aides-au-liban-et-d-y-depecher-une-equipe-medicale\">Cliquez ici pour lire l&rsquo;article depuis sa source.<\/a><\/p>\n","protected":false},"excerpt":{"rendered":"<p>Le pr\u00e9sident de la R\u00e9publique Ka\u00efs Sa\u00efed a ordonn\u00e9 de d\u00e9p\u00eacher d\u2019urgence deux avions militaires charg\u00e9s d\u2019aides humanitaires au Liban.C&rsquo;\u00e9tait lors de la rencontre consacr\u00e9e mercredi \u00e0 l\u2019examen des moyens de soutenir le Liban suite aux explosions survenues dans la capitale libanaise qu&rsquo;il a eue avec le ministre de la D\u00e9fense Imed Hazgui, le ministre [&hellip;]<\/p>\n","protected":false},"author":1772,"featured_media":0,"comment_status":"closed","ping_status":"closed","sticky":false,"template":"","format":"standard","meta":{"fifu_image_url":"","fifu_image_alt":"","footnotes":""},"categories":[73,55],"tags":[],"class_list":["post-94663","post","type-post","status-publish","format-standard","hentry","category-actualite","category-tunisie"],"_links":{"self":[{"href":"https:\/\/linitiative.ca\/International\/wp-json\/wp\/v2\/posts\/94663","targetHints":{"allow":["GET"]}}],"collection":[{"href":"https:\/\/linitiative.ca\/International\/wp-json\/wp\/v2\/posts"}],"about":[{"href":"https:\/\/linitiative.ca\/International\/wp-json\/wp\/v2\/types\/post"}],"author":[{"embeddable":true,"href":"https:\/\/linitiative.ca\/International\/wp-json\/wp\/v2\/users\/1772"}],"replies":[{"embeddable":true,"href":"https:\/\/linitiative.ca\/International\/wp-json\/wp\/v2\/comments?post=94663"}],"version-history":[{"count":0,"href":"https:\/\/linitiative.ca\/International\/wp-json\/wp\/v2\/posts\/94663\/revisions"}],"wp:attachment":[{"href":"https:\/\/linitiative.ca\/International\/wp-json\/wp\/v2\/media?parent=94663"}],"wp:term":[{"taxonomy":"category","embeddable":true,"href":"https:\/\/linitiative.ca\/International\/wp-json\/wp\/v2\/categories?post=94663"},{"taxonomy":"post_tag","embeddable":true,"href":"https:\/\/linitiative.ca\/International\/wp-json\/wp\/v2\/tags?post=94663"}],"curies":[{"name":"wp","href":"https:\/\/api.w.org\/{rel}","templated":true}]}}