{"id":94673,"date":"2020-08-05T10:20:22","date_gmt":"2020-08-05T14:20:22","guid":{"rendered":"https:\/\/linitiative.ca\/International\/tunisie-iyadh-elloumi-accuse-la-conseillere-du-president-kais-saied-de-mener-les-negociations-pour-la-formation-du-gouvernement\/"},"modified":"2020-08-05T10:20:22","modified_gmt":"2020-08-05T14:20:22","slug":"tunisie-iyadh-elloumi-accuse-la-conseillere-du-president-kais-saied-de-mener-les-negociations-pour-la-formation-du-gouvernement","status":"publish","type":"post","link":"https:\/\/linitiative.ca\/International\/tunisie-iyadh-elloumi-accuse-la-conseillere-du-president-kais-saied-de-mener-les-negociations-pour-la-formation-du-gouvernement\/","title":{"rendered":"Tunisie: Iyadh Elloumi accuse la conseill\u00e8re du pr\u00e9sident Ka\u00efs Sa\u00efed de mener les n\u00e9gociations pour la formation du gouvernement"},"content":{"rendered":"<div class=\"post-cont-in left relative\">\n<p>Le dirigeant au sein du parti <a href=\"https:\/\/www.tunisienumerique.com\/tunisie-actualite\/qalb-tounes\/\" title=\"Qalb Tounes\" target=\"_top\" class=\"auto-link\" rel=\"noopener noreferrer\">Qalb Tounes<\/a>, Iyadh Elloumi a affirm\u00e9 que son parti n\u2019\u00e9tait pas int\u00e9ress\u00e9 \u00e0 participer au \u201cgouvernement du pr\u00e9sident\u201d, consid\u00e9rant en effet que la conseill\u00e8re du chef de l\u2019\u00c9tat, Nadia Akacha est en train de mener des n\u00e9gociations pour former un gouvernement et nouer des contacts \u00e9troits avec plusieurs parties pour assumer des portefeuilles minist\u00e9riels dans le prochain gouvernement.<\/p>\n<div class=\"code-block code-block-1 c3\"><ins class=\"adsbygoogle c2\" data-ad-layout=\"in-article\" data-ad-format=\"fluid\" data-ad-client=\"ca-pub-2102118777505746\" data-ad-slot=\"7301775417\"\/> <\/div>\n<p>La composition du gouvernement est actuellement sur les \u00e9tag\u00e8res du bureau de <a href=\"https:\/\/www.tunisienumerique.com\/tunisie-actualite\/kais-saied\/\" title=\"Ka&#xEF;s Sa&#xEF;ed\" target=\"_top\" class=\"auto-link\" rel=\"noopener noreferrer\">Ka\u00efs Sa\u00efed<\/a> au palais de Carthage, a-t-il ajout\u00e9, dans un entretien mercredi sur radio Mosa\u00efque Fm.<\/p>\n<p>Concernant sa conception du prochain gouvernement, Elloumi a d\u00e9clar\u00e9 que le pr\u00e9sident de la R\u00e9publique, Ka\u00efs Sa\u00efed, a viol\u00e9 la Constitution en nommant Hichem Mechichi pour le former, soulignant en m\u00eame temps que Qalb Tounes n\u2019a aucun grief contre Mechichi qu\u2019il consid\u00e8re comme une comp\u00e9tence nationale.<\/p>\n<p>Dans un autre contexte, il a affirm\u00e9 que le parti Qalb Tounes n\u2019est pas alli\u00e9 avec le mouvement <a href=\"https:\/\/www.tunisienumerique.com\/tunisie-actualite\/ennahdha\/\" title=\"Ennahdha\" target=\"_top\" class=\"auto-link\" rel=\"noopener noreferrer\">Ennahdha<\/a>, expliquant que son parti n\u2019a fait l\u2019objet d\u2019aucun chantage en lien avec le vote de retrait de la confiance \u00e0 <a href=\"https:\/\/www.tunisienumerique.com\/tunisie-actualite\/rached-ghannouchi\/\" title=\"Ghannouchi\" target=\"_top\" class=\"auto-link\" rel=\"noopener noreferrer\">Ghannouchi<\/a>, confirmant que ce mouvement avait de nombreux griefs contre lui.<\/p>\n<div class=\"swp_social_panel swp_horizontal_panel swp_flat_fresh swp_default_full_color swp_individual_full_color swp_other_full_color scale-100 scale-\" data-min-width=\"1100\" data-float-color=\"#ffffff\" data-float=\"bottom\" data-float-mobile=\"bottom\" data-transition=\"slide\">\n<div class=\"nc_tweetContainer swp_share_button total_shares total_sharesalt\"><span class=\"swp_count\">102 <span class=\"swp_label\">Partages<\/span><\/span><\/div>\n<\/div>\n<p><strong>Que se passe-t-il en Tunisie?<\/strong><br \/>Nous expliquons sur notre <a href=\"https:\/\/www.youtube.com\/channel\/UCRzypVq0B_yBad5eGrwBx0Q?sub_confirmation=1\" target=\"_blank\" rel=\"noopener noreferrer\">cha\u00eene YouTube<\/a> . <a href=\"https:\/\/www.youtube.com\/channel\/UCRzypVq0B_yBad5eGrwBx0Q?sub_confirmation=1\" target=\"_blank\" rel=\"noopener noreferrer\">Abonnez-vous!<\/a><\/p>\n<div class=\"mvp-org-wrap mvp-org-logo\" itemprop=\"publisher\" itemscope=\"\" itemtype=\"https:\/\/schema.org\/Organization\"><img decoding=\"async\" src=\"https:\/\/www.tunisienumerique.com\/wp-content\/uploads\/2017\/02\/logo_tunisie_numerique.png\"\/><\/div>\n<div class=\"mvp-related-posts left relative\">\n<h4 class=\"post-header\"><span class=\"post-header\">Lire aussi<\/span><\/h4>\n<\/div>\n<div id=\"article-ad\"><ins class=\"adsbygoogle c4\" data-ad-client=\"ca-pub-2102118777505746\" data-ad-slot=\"6513972734\" data-ad-format=\"auto\" data-full-width-responsive=\"true\"\/> <\/div>\n<\/div>\n<div id=\"post-sidebar-wrap\"><ins class=\"adsbygoogle c4\" data-ad-client=\"ca-pub-2102118777505746\" data-ad-slot=\"6168283410\" data-ad-format=\"auto\" data-full-width-responsive=\"true\"\/> <\/div>\n<p>Auteur: Mourad S<br \/>\n<a href=\"https:\/\/www.tunisienumerique.com\/tunisie-iyadh-elloumi-accuse-la-conseillere-du-president-kais-saied-de-mener-les-negociations-pour-la-formation-du-gouvernement\/\">Cliquez ici pour lire l&rsquo;article depuis sa source.<\/a><\/p>\n","protected":false},"excerpt":{"rendered":"<p>Le dirigeant au sein du parti Qalb Tounes, Iyadh Elloumi a affirm\u00e9 que son parti n\u2019\u00e9tait pas int\u00e9ress\u00e9 \u00e0 participer au \u201cgouvernement du pr\u00e9sident\u201d, consid\u00e9rant en effet que la conseill\u00e8re du chef de l\u2019\u00c9tat, Nadia Akacha est en train de mener des n\u00e9gociations pour former un gouvernement et nouer des contacts \u00e9troits avec plusieurs parties [&hellip;]<\/p>\n","protected":false},"author":1789,"featured_media":94674,"comment_status":"closed","ping_status":"closed","sticky":false,"template":"","format":"standard","meta":{"fifu_image_url":"","fifu_image_alt":"","footnotes":""},"categories":[73,55],"tags":[],"class_list":["post-94673","post","type-post","status-publish","format-standard","has-post-thumbnail","hentry","category-actualite","category-tunisie"],"_links":{"self":[{"href":"https:\/\/linitiative.ca\/International\/wp-json\/wp\/v2\/posts\/94673","targetHints":{"allow":["GET"]}}],"collection":[{"href":"https:\/\/linitiative.ca\/International\/wp-json\/wp\/v2\/posts"}],"about":[{"href":"https:\/\/linitiative.ca\/International\/wp-json\/wp\/v2\/types\/post"}],"author":[{"embeddable":true,"href":"https:\/\/linitiative.ca\/International\/wp-json\/wp\/v2\/users\/1789"}],"replies":[{"embeddable":true,"href":"https:\/\/linitiative.ca\/International\/wp-json\/wp\/v2\/comments?post=94673"}],"version-history":[{"count":0,"href":"https:\/\/linitiative.ca\/International\/wp-json\/wp\/v2\/posts\/94673\/revisions"}],"wp:featuredmedia":[{"embeddable":true,"href":"https:\/\/linitiative.ca\/International\/wp-json\/"}],"wp:attachment":[{"href":"https:\/\/linitiative.ca\/International\/wp-json\/wp\/v2\/media?parent=94673"}],"wp:term":[{"taxonomy":"category","embeddable":true,"href":"https:\/\/linitiative.ca\/International\/wp-json\/wp\/v2\/categories?post=94673"},{"taxonomy":"post_tag","embeddable":true,"href":"https:\/\/linitiative.ca\/International\/wp-json\/wp\/v2\/tags?post=94673"}],"curies":[{"name":"wp","href":"https:\/\/api.w.org\/{rel}","templated":true}]}}