{"id":94675,"date":"2020-08-05T11:07:19","date_gmt":"2020-08-05T15:07:19","guid":{"rendered":"https:\/\/linitiative.ca\/International\/tunisie-video-hichem-mechichi-annonce-que-le-prochain-gouvernement-sera-le-receptacle-des-differentes-idees-au-service-du-peuple\/"},"modified":"2020-08-05T11:07:19","modified_gmt":"2020-08-05T15:07:19","slug":"tunisie-video-hichem-mechichi-annonce-que-le-prochain-gouvernement-sera-le-receptacle-des-differentes-idees-au-service-du-peuple","status":"publish","type":"post","link":"https:\/\/linitiative.ca\/International\/tunisie-video-hichem-mechichi-annonce-que-le-prochain-gouvernement-sera-le-receptacle-des-differentes-idees-au-service-du-peuple\/","title":{"rendered":"Tunisie [Vid\u00e9o]: Hichem Mechichi annonce que le prochain gouvernement sera le r\u00e9ceptacle des diff\u00e9rentes id\u00e9es au service du peuple"},"content":{"rendered":"<div class=\"post-cont-in left relative\">\n<p>Le chef du gouvernement d\u00e9sign\u00e9 pour former le prochain gouvernement, Hichem Mechichi a soulign\u00e9 que tout le monde \u00e9tait unanime concernant la gravit\u00e9 de la situation \u00e9conomique du pays.<\/p>\n<div class=\"code-block code-block-1 c4\"><ins class=\"adsbygoogle c3\" data-ad-layout=\"in-article\" data-ad-format=\"fluid\" data-ad-client=\"ca-pub-2102118777505746\" data-ad-slot=\"7301775417\"\/> <\/div>\n<p>Il a soulign\u00e9 que lors de ses consultations avec les diff\u00e9rentes composantes politiques du Parlement, il a \u00e9t\u00e9 convenu que le prochain gouvernement doit \u00eatre au service du peuple.<\/p>\n<p>Dans une d\u00e9claration \u00e0 la presse \u00e0 l\u2019issue des consultations gouvernementales, il a soulign\u00e9 que la deuxi\u00e8me semaine consacr\u00e9e \u00e0 la consultation des composantes de la sc\u00e8ne politique ont r\u00e9v\u00e9l\u00e9 qu\u2019il y avait un consensus sur le fait que la situation \u00e9conomique et sociale \u00e0 laquelle le pays est confront\u00e9 est dangereuse.<\/p>\n<p>Mechichi a reconnu que les divergences politiques existent. Ce sont des diff\u00e9rences profondes motiv\u00e9es par le syst\u00e8me politique et la dispersion de la composition parlementaire.<\/p>\n<p>Il a affirm\u00e9 que la composition du gouvernement sera d\u00e9termin\u00e9e par le souci des r\u00e9sultats et de l\u2019efficacit\u00e9, assurant la n\u00e9cessit\u00e9 d\u2019atteindre les \u00e9quilibre macro\u00e9conomique globaux avant de songer \u00e0 une strat\u00e9gie de relance de l\u2019\u00e9conomie.<\/p>\n<p>Le chef du gouvernement d\u00e9sign\u00e9 a \u00e9galement mis en exergue l\u2019importance de la stabilit\u00e9 du gouvernement qui est une revendication des citoyens.<br \/>Il a pr\u00e9cis\u00e9 que la stabilit\u00e9 du gouvernement sera un facteur d\u00e9terminant dans la r\u00e9ussite du travail de l\u2019\u00e9quipe au pouvoir.<\/p>\n<div class=\"swp_social_panel swp_horizontal_panel swp_flat_fresh swp_default_full_color swp_individual_full_color swp_other_full_color scale-100 scale-\" data-min-width=\"1100\" data-float-color=\"#ffffff\" data-float=\"bottom\" data-float-mobile=\"bottom\" data-transition=\"slide\">\n<div class=\"nc_tweetContainer swp_share_button total_shares total_sharesalt\"><span class=\"swp_count\">26 <span class=\"swp_label\">Partages<\/span><\/span><\/div>\n<\/div>\n<p><strong>Que se passe-t-il en Tunisie?<\/strong><br \/>Nous expliquons sur notre <a href=\"https:\/\/www.youtube.com\/channel\/UCRzypVq0B_yBad5eGrwBx0Q?sub_confirmation=1\" target=\"_blank\" rel=\"noopener noreferrer\">cha\u00eene YouTube<\/a> . <a href=\"https:\/\/www.youtube.com\/channel\/UCRzypVq0B_yBad5eGrwBx0Q?sub_confirmation=1\" target=\"_blank\" rel=\"noopener noreferrer\">Abonnez-vous!<\/a><\/p>\n<div class=\"mvp-org-wrap mvp-org-logo\" itemprop=\"publisher\" itemscope=\"\" itemtype=\"https:\/\/schema.org\/Organization\"><img decoding=\"async\" src=\"https:\/\/www.tunisienumerique.com\/wp-content\/uploads\/2017\/02\/logo_tunisie_numerique.png\"\/><\/div>\n<div class=\"mvp-related-posts left relative\">\n<h4 class=\"post-header\"><span class=\"post-header\">Lire aussi<\/span><\/h4>\n<\/div>\n<div id=\"article-ad\"><ins class=\"adsbygoogle c5\" data-ad-client=\"ca-pub-2102118777505746\" data-ad-slot=\"6513972734\" data-ad-format=\"auto\" data-full-width-responsive=\"true\"\/> <\/div>\n<\/div>\n<div id=\"post-sidebar-wrap\"><ins class=\"adsbygoogle c5\" data-ad-client=\"ca-pub-2102118777505746\" data-ad-slot=\"6168283410\" data-ad-format=\"auto\" data-full-width-responsive=\"true\"\/> <\/div>\n<p>Auteur: Mourad S<br \/>\n<a href=\"https:\/\/www.tunisienumerique.com\/tunisie-video-hichem-mechichi-annonce-que-le-prochain-gouvernement-sera-le-receptacle-des-differentes-idees-au-service-du-peuple\/\">Cliquez ici pour lire l&rsquo;article depuis sa source.<\/a><\/p>\n","protected":false},"excerpt":{"rendered":"<p>Le chef du gouvernement d\u00e9sign\u00e9 pour former le prochain gouvernement, Hichem Mechichi a soulign\u00e9 que tout le monde \u00e9tait unanime concernant la gravit\u00e9 de la situation \u00e9conomique du pays. Il a soulign\u00e9 que lors de ses consultations avec les diff\u00e9rentes composantes politiques du Parlement, il a \u00e9t\u00e9 convenu que le prochain gouvernement doit \u00eatre au [&hellip;]<\/p>\n","protected":false},"author":1789,"featured_media":94676,"comment_status":"closed","ping_status":"closed","sticky":false,"template":"","format":"standard","meta":{"fifu_image_url":"","fifu_image_alt":"","footnotes":""},"categories":[73,55],"tags":[],"class_list":["post-94675","post","type-post","status-publish","format-standard","has-post-thumbnail","hentry","category-actualite","category-tunisie"],"_links":{"self":[{"href":"https:\/\/linitiative.ca\/International\/wp-json\/wp\/v2\/posts\/94675","targetHints":{"allow":["GET"]}}],"collection":[{"href":"https:\/\/linitiative.ca\/International\/wp-json\/wp\/v2\/posts"}],"about":[{"href":"https:\/\/linitiative.ca\/International\/wp-json\/wp\/v2\/types\/post"}],"author":[{"embeddable":true,"href":"https:\/\/linitiative.ca\/International\/wp-json\/wp\/v2\/users\/1789"}],"replies":[{"embeddable":true,"href":"https:\/\/linitiative.ca\/International\/wp-json\/wp\/v2\/comments?post=94675"}],"version-history":[{"count":0,"href":"https:\/\/linitiative.ca\/International\/wp-json\/wp\/v2\/posts\/94675\/revisions"}],"wp:featuredmedia":[{"embeddable":true,"href":"https:\/\/linitiative.ca\/International\/wp-json\/"}],"wp:attachment":[{"href":"https:\/\/linitiative.ca\/International\/wp-json\/wp\/v2\/media?parent=94675"}],"wp:term":[{"taxonomy":"category","embeddable":true,"href":"https:\/\/linitiative.ca\/International\/wp-json\/wp\/v2\/categories?post=94675"},{"taxonomy":"post_tag","embeddable":true,"href":"https:\/\/linitiative.ca\/International\/wp-json\/wp\/v2\/tags?post=94675"}],"curies":[{"name":"wp","href":"https:\/\/api.w.org\/{rel}","templated":true}]}}