{"id":94703,"date":"2020-08-05T07:39:08","date_gmt":"2020-08-05T11:39:08","guid":{"rendered":"https:\/\/linitiative.ca\/International\/banque-mondiale-fmi-les-gouverneurs-africains-en-conclave-au-cameroun\/"},"modified":"2020-08-05T07:39:08","modified_gmt":"2020-08-05T11:39:08","slug":"banque-mondiale-fmi-les-gouverneurs-africains-en-conclave-au-cameroun","status":"publish","type":"post","link":"https:\/\/linitiative.ca\/International\/banque-mondiale-fmi-les-gouverneurs-africains-en-conclave-au-cameroun\/","title":{"rendered":"Banque mondiale\/FMI : les gouverneurs africains en conclave au Cameroun"},"content":{"rendered":"<p>\u00ab Prot\u00e9ger le capital humain de l\u2019Afrique face \u00e0 la Covi-19 : sauver des vies, pr\u00e9server le bien \u00eatre, sauvegarder la productivit\u00e9 et l\u2019emploi \u00bb le th\u00e8me retenu cette ann\u00e9e pour la r\u00e9union 2020 du Caucus africain des gouverneurs du groupe de la Banque mondiale et du Fonds mon\u00e9taire international(FMI) s\u2019inscrit en droite ligne avec l\u2019actualit\u00e9 sanitaire qui a caus\u00e9 de nombreux d\u00e9g\u00e2ts \u00e0 l\u2019\u00e9conomie mondiale. Cette rencontre qui se tient le 06 ao\u00fbt prochain en mode virtuel sera pr\u00e9sid\u00e9e par le ministre camerounais de l\u2019Economie, de la planification et de l\u2019am\u00e9nagement du territoire(Minepat) Alamine Ousmane Mey. Organis\u00e9e sous le haut patronage du chef de l\u2019Etat Paul Biya, cette rencontre sera ouverte par le premier ministre chef du Gouvernement Joseph Dion Ngute.<\/p>\n<p><strong>Lire aussi :<\/strong> <a href=\"https:\/\/ecomatin.net\/coronavirus-le-fmi-approuve-un-decaissement-de-132-milliards-de-f-cfa-au-cameroun\/\">Coronavirus: le FMI approuve un d\u00e9caissement de plus de 135 milliards de F CFA au Cameroun<\/a><\/p>\n<p>\u00a0Les \u00e9changes de vues entre les diff\u00e9rentes parties prenantes permettront surtout de d\u00e9finir la vision et l\u2019ambition pour l\u2019Afrique, de construire et de renforcer la r\u00e9silience aux chocs futurs \u00e0 mesure que la r\u00e9gion se rel\u00e8ve de la pand\u00e9mie de Covid-19. Les Gouverneurs examineront \u00e9galement le M\u00e9morandum du Caucus africain 2020 qui sera pr\u00e9sent\u00e9 aux dirigeants des institutions de Bretton Woods en octobre 2020 lors des Assembl\u00e9es annuelles du FMI et du Groupe de la Banque mondiale. \u00ab Le fait d\u2019accueillir la r\u00e9union du Caucus africain sur la COVID-19 confirme l\u2019engagement des gouvernements africains \u00e0 mettre en \u0153uvre des programmes sur la crise et la pr\u00e9vention de mani\u00e8re efficace et efficiente, afin qu\u2019ils puissent se relever compl\u00e8tement de la pand\u00e9mie \u00bb, a d\u00e9clar\u00e9 le ministre Alamine Ousmane Mey, pr\u00e9sident du Caucus africain 2020 du Groupe de la Banque mondiale et du FMI, ajoutant que \u00ab cela offre \u00e9galement au Cameroun l\u2019occasion de partager son exp\u00e9rience et d\u2019apprendre des autres pays sur les meilleures pratiques de gestion et de pr\u00e9vention \u00bb.<\/p>\n<p><strong>Lire aussi :<\/strong> <a href=\"https:\/\/ecomatin.net\/appui-du-fmi-contre-le-covid-19-le-cameroun-victime-de-son-inertie\/\">Appui du FMI contre le Covid-19\u00a0: le Cameroun victime de son inertie<\/a><\/p>\n<p>Sur la base du chronogramme valid\u00e9, les discussions seront ax\u00e9s sur l\u2019efficacit\u00e9 de l\u2019aide pendant la pand\u00e9mie, l\u2019accroissement de la prestation de services dans les domaines de la sant\u00e9, de l\u2019\u00e9ducation, de l\u2019eau, de la protection sociale et de l\u2019\u00e9conomie num\u00e9rique, les politiques macro-budg\u00e9taires et la gouvernance et les march\u00e9s, le secteur priv\u00e9 et les emplois. Pour rappel, c\u2019est en 1963 que le Caucus africain a \u00e9t\u00e9 mis en place dans le but de faire entendre davantage la voix des Gouverneurs africains au sein des deux institutions de Bretton Woods sur les questions de d\u00e9veloppement int\u00e9ressant l\u2019Afrique. Actuellement, les 54 pays du continent africain sont membres du Caucus. Ils sont repr\u00e9sent\u00e9s par leurs Gouverneurs respectifs, commun\u00e9ment appel\u00e9s Gouverneurs africains, dans ces institutions. Il s\u2019agit g\u00e9n\u00e9ralement de ministres de l\u2019\u00c9conomie, de la Planification, des Finances ou de gouverneurs de banque centrale.<\/p>\n<p><strong>Lire aussi :<\/strong> \u00a0<a href=\"https:\/\/ecomatin.net\/les-doleances-de-lafrique-au-fmi-et-a-la-banque-mondiale-pour-lutter-contre-le-covid-19\/\">Les dol\u00e9ances de l\u2019Afrique au FMI et \u00e0 la Banque Mondiale pour lutter contre le Covid-19<\/a><\/p>\n<div class=\"awac-wrapper awac widget posts-list-widget-11\">\n<h4 class=\"widget-title\">Le plus r\u00e9cent<\/h4>\n<\/div>\n<p>Auteur: Eco Matin<br \/>\n<a href=\"https:\/\/ecomatin.net\/banque-mondiale-fmi-les-gouverneurs-africains-en-conclave-au-cameroun\/\">Cliquez ici pour lire l&rsquo;article depuis sa source.<\/a><\/p>\n","protected":false},"excerpt":{"rendered":"<p>\u00ab Prot\u00e9ger le capital humain de l\u2019Afrique face \u00e0 la Covi-19 : sauver des vies, pr\u00e9server le bien \u00eatre, sauvegarder la productivit\u00e9 et l\u2019emploi \u00bb le th\u00e8me retenu cette ann\u00e9e pour la r\u00e9union 2020 du Caucus africain des gouverneurs du groupe de la Banque mondiale et du Fonds mon\u00e9taire international(FMI) s\u2019inscrit en droite ligne avec [&hellip;]<\/p>\n","protected":false},"author":1969,"featured_media":0,"comment_status":"closed","ping_status":"closed","sticky":false,"template":"","format":"standard","meta":{"fifu_image_url":"","fifu_image_alt":"","footnotes":""},"categories":[82,78],"tags":[],"class_list":["post-94703","post","type-post","status-publish","format-standard","hentry","category-cameroun","category-economie"],"_links":{"self":[{"href":"https:\/\/linitiative.ca\/International\/wp-json\/wp\/v2\/posts\/94703","targetHints":{"allow":["GET"]}}],"collection":[{"href":"https:\/\/linitiative.ca\/International\/wp-json\/wp\/v2\/posts"}],"about":[{"href":"https:\/\/linitiative.ca\/International\/wp-json\/wp\/v2\/types\/post"}],"author":[{"embeddable":true,"href":"https:\/\/linitiative.ca\/International\/wp-json\/wp\/v2\/users\/1969"}],"replies":[{"embeddable":true,"href":"https:\/\/linitiative.ca\/International\/wp-json\/wp\/v2\/comments?post=94703"}],"version-history":[{"count":0,"href":"https:\/\/linitiative.ca\/International\/wp-json\/wp\/v2\/posts\/94703\/revisions"}],"wp:attachment":[{"href":"https:\/\/linitiative.ca\/International\/wp-json\/wp\/v2\/media?parent=94703"}],"wp:term":[{"taxonomy":"category","embeddable":true,"href":"https:\/\/linitiative.ca\/International\/wp-json\/wp\/v2\/categories?post=94703"},{"taxonomy":"post_tag","embeddable":true,"href":"https:\/\/linitiative.ca\/International\/wp-json\/wp\/v2\/tags?post=94703"}],"curies":[{"name":"wp","href":"https:\/\/api.w.org\/{rel}","templated":true}]}}