{"id":94704,"date":"2020-08-05T09:32:35","date_gmt":"2020-08-05T13:32:35","guid":{"rendered":"https:\/\/linitiative.ca\/International\/njoume-felix-landry-nouveau-directeur-general-dubc-plc\/"},"modified":"2020-08-05T09:32:35","modified_gmt":"2020-08-05T13:32:35","slug":"njoume-felix-landry-nouveau-directeur-general-dubc-plc","status":"publish","type":"post","link":"https:\/\/linitiative.ca\/International\/njoume-felix-landry-nouveau-directeur-general-dubc-plc\/","title":{"rendered":"Njoume Felix Landry, nouveau Directeur G\u00e9n\u00e9ral d\u2019UBC Plc"},"content":{"rendered":"<div class=\"featured-area featured-area-inner\"><img loading=\"lazy\" decoding=\"async\" width=\"200\" height=\"200\" src=\"https:\/\/ecomatin.net\/wp-content\/uploads\/2020\/08\/index123.jpg\" class=\"attachment-full size-full wp-post-image\" alt=\"\" srcset=\"https:\/\/ecomatin.net\/wp-content\/uploads\/2020\/08\/index123.jpg 200w, https:\/\/ecomatin.net\/wp-content\/uploads\/2020\/08\/index123-150x150.jpg 150w, https:\/\/ecomatin.net\/wp-content\/uploads\/2020\/08\/index123-100x100.jpg 100w\" sizes=\"auto, (max-width: 200px) 100vw, 200px\" data-attachment-id=\"17562\" data-permalink=\"https:\/\/ecomatin.net\/njoume-felix-landry-nouveau-directeur-general-dubc-plc\/index123\/\" data-orig-file=\"https:\/\/ecomatin.net\/wp-content\/uploads\/2020\/08\/index123.jpg\" data-orig-size=\"200,200\" data-comments-opened=\"0\" data-image-meta=\"{&quot;aperture&quot;:&quot;0&quot;,&quot;credit&quot;:&quot;&quot;,&quot;camera&quot;:&quot;&quot;,&quot;caption&quot;:&quot;&quot;,&quot;created_timestamp&quot;:&quot;0&quot;,&quot;copyright&quot;:&quot;&quot;,&quot;focal_length&quot;:&quot;0&quot;,&quot;iso&quot;:&quot;0&quot;,&quot;shutter_speed&quot;:&quot;0&quot;,&quot;title&quot;:&quot;&quot;,&quot;orientation&quot;:&quot;0&quot;}\" data-image-title=\"index123\" data-image-description=\"\" data-medium-file=\"https:\/\/ecomatin.net\/wp-content\/uploads\/2020\/08\/index123.jpg\" data-large-file=\"https:\/\/ecomatin.net\/wp-content\/uploads\/2020\/08\/index123.jpg\"\/><\/div>\n<div class=\"entry-content entry clearfix\" readability=\"27.472433146253\">\n<p>Njoume Felix Landry est devenu le nouveau directeur g\u00e9n\u00e9ral d\u2019Union Bank of Cameroon PLC (UBC) \u00e0 la faveur d\u2019une d\u00e9cision prise lors du conseil d\u2019administration tenu le 30 juillet dernier. Il compl\u00e8te ainsi l\u2019ex\u00e9cutif de cet \u00e9tablissement de cr\u00e9dit o\u00f9 un vide avait \u00e9t\u00e9 cr\u00e9\u00e9 par le d\u00e9part, il y a trois mois, d\u2019Oladedji Charmel Ognin. Lequel avait occup\u00e9 le poste pendant quatre ans.<\/p>\n<p><strong>Lire aussi<\/strong> : <a href=\"https:\/\/ecomatin.net\/affaire-union-bank-plc-unimarche-gregoire-piwele-perd-son-proces-devant-la-ccja\/\">Affaire Union Bank Plc.\/Unimarch\u00e9\u00a0: Gr\u00e9goire Piwele perd son proc\u00e8s devant la Ccja<\/a><\/p>\n<p>M. Njoume Felix Landry compte \u00e0 son actif dix-sept ann\u00e9es d\u2019exp\u00e9rience dans le domaine bancaire avec des comp\u00e9tences en finance, banque d\u2019entreprise et commerciale, gestion du risque de cr\u00e9dit, entre autres.\u00a0 Toutes choses qui lui ont permis d\u2019assurer de hautes fonctions au sein du groupe panafricain Ecobank o\u00f9 il a occup\u00e9 les fauteuils de chef financier pour le Congo de 2008 \u00e0 2011et celui de chef financier responsable de la zone Cemac.<\/p>\n<p><strong>Lire aussi<\/strong> : <a href=\"https:\/\/ecomatin.net\/le-plan-du-gouvernement-pour-sauver-nfc-bank-et-ubc-de-la-faillite\/\">Le plan du gouvernement pour sauver NFC-BANK et UBC de la faillite<\/a><\/p>\n<p>Banquier d\u2019exp\u00e9rience, Njoume Felix Landry est titulaire d\u2019un Dipl\u00f4me d\u2019\u00e9tudes sup\u00e9rieures sp\u00e9cialis\u00e9es(Dess) obtenu \u00e0 l\u2019Universit\u00e9 de Douala. Il est par ailleurs titulaire d\u2019un master en Management de l\u2019Ubiversit\u00e9 de Paris 1 Panth\u00e9on-Sorbonne.<\/p>\n<div class=\"awac-wrapper awac widget posts-list-widget-11\">\n<h4 class=\"widget-title\">Le plus r\u00e9cent<\/h4>\n<\/div>\n<\/div>\n<p>Auteur: Eco Matin<br \/>\n<a href=\"https:\/\/ecomatin.net\/njoume-felix-landry-nouveau-directeur-general-dubc-plc\/\">Cliquez ici pour lire l&rsquo;article depuis sa source.<\/a><\/p>\n","protected":false},"excerpt":{"rendered":"<p>Njoume Felix Landry est devenu le nouveau directeur g\u00e9n\u00e9ral d\u2019Union Bank of Cameroon PLC (UBC) \u00e0 la faveur d\u2019une d\u00e9cision prise lors du conseil d\u2019administration tenu le 30 juillet dernier. Il compl\u00e8te ainsi l\u2019ex\u00e9cutif de cet \u00e9tablissement de cr\u00e9dit o\u00f9 un vide avait \u00e9t\u00e9 cr\u00e9\u00e9 par le d\u00e9part, il y a trois mois, d\u2019Oladedji Charmel [&hellip;]<\/p>\n","protected":false},"author":1969,"featured_media":94705,"comment_status":"closed","ping_status":"closed","sticky":false,"template":"","format":"standard","meta":{"fifu_image_url":"","fifu_image_alt":"","footnotes":""},"categories":[82,78],"tags":[],"class_list":["post-94704","post","type-post","status-publish","format-standard","has-post-thumbnail","hentry","category-cameroun","category-economie"],"_links":{"self":[{"href":"https:\/\/linitiative.ca\/International\/wp-json\/wp\/v2\/posts\/94704","targetHints":{"allow":["GET"]}}],"collection":[{"href":"https:\/\/linitiative.ca\/International\/wp-json\/wp\/v2\/posts"}],"about":[{"href":"https:\/\/linitiative.ca\/International\/wp-json\/wp\/v2\/types\/post"}],"author":[{"embeddable":true,"href":"https:\/\/linitiative.ca\/International\/wp-json\/wp\/v2\/users\/1969"}],"replies":[{"embeddable":true,"href":"https:\/\/linitiative.ca\/International\/wp-json\/wp\/v2\/comments?post=94704"}],"version-history":[{"count":0,"href":"https:\/\/linitiative.ca\/International\/wp-json\/wp\/v2\/posts\/94704\/revisions"}],"wp:featuredmedia":[{"embeddable":true,"href":"https:\/\/linitiative.ca\/International\/wp-json\/"}],"wp:attachment":[{"href":"https:\/\/linitiative.ca\/International\/wp-json\/wp\/v2\/media?parent=94704"}],"wp:term":[{"taxonomy":"category","embeddable":true,"href":"https:\/\/linitiative.ca\/International\/wp-json\/wp\/v2\/categories?post=94704"},{"taxonomy":"post_tag","embeddable":true,"href":"https:\/\/linitiative.ca\/International\/wp-json\/wp\/v2\/tags?post=94704"}],"curies":[{"name":"wp","href":"https:\/\/api.w.org\/{rel}","templated":true}]}}