{"id":94709,"date":"2020-08-05T14:12:26","date_gmt":"2020-08-05T18:12:26","guid":{"rendered":"https:\/\/linitiative.ca\/International\/societe-generale-enregistre-une-perte-de-275-milliards-au-second-trimestre-2020\/"},"modified":"2020-08-05T14:12:26","modified_gmt":"2020-08-05T18:12:26","slug":"societe-generale-enregistre-une-perte-de-275-milliards-au-second-trimestre-2020","status":"publish","type":"post","link":"https:\/\/linitiative.ca\/International\/societe-generale-enregistre-une-perte-de-275-milliards-au-second-trimestre-2020\/","title":{"rendered":"Soci\u00e9t\u00e9 G\u00e9n\u00e9rale enregistre une perte de 275 milliards au second trimestre 2020"},"content":{"rendered":"<div class=\"featured-area featured-area-inner\"><img loading=\"lazy\" decoding=\"async\" width=\"960\" height=\"600\" src=\"https:\/\/ecomatin.net\/wp-content\/uploads\/2020\/08\/03s20francebanki-thumb-large.jpg\" class=\"attachment-full size-full wp-post-image\" alt=\"\" srcset=\"https:\/\/ecomatin.net\/wp-content\/uploads\/2020\/08\/03s20francebanki-thumb-large.jpg 960w, https:\/\/ecomatin.net\/wp-content\/uploads\/2020\/08\/03s20francebanki-thumb-large-300x188.jpg 300w, https:\/\/ecomatin.net\/wp-content\/uploads\/2020\/08\/03s20francebanki-thumb-large-768x480.jpg 768w, https:\/\/ecomatin.net\/wp-content\/uploads\/2020\/08\/03s20francebanki-thumb-large-600x375.jpg 600w\" sizes=\"auto, (max-width: 960px) 100vw, 960px\" data-attachment-id=\"17574\" data-permalink=\"https:\/\/ecomatin.net\/societe-generale-enregistre-une-perte-de-275-milliards-au-second-trimestre-2020\/03s20francebanki-thumb-large-2\/\" data-orig-file=\"https:\/\/ecomatin.net\/wp-content\/uploads\/2020\/08\/03s20francebanki-thumb-large.jpg\" data-orig-size=\"960,600\" data-comments-opened=\"0\" data-image-meta=\"{&quot;aperture&quot;:&quot;0&quot;,&quot;credit&quot;:&quot;&quot;,&quot;camera&quot;:&quot;&quot;,&quot;caption&quot;:&quot;&quot;,&quot;created_timestamp&quot;:&quot;0&quot;,&quot;copyright&quot;:&quot;&quot;,&quot;focal_length&quot;:&quot;0&quot;,&quot;iso&quot;:&quot;0&quot;,&quot;shutter_speed&quot;:&quot;0&quot;,&quot;title&quot;:&quot;&quot;,&quot;orientation&quot;:&quot;0&quot;}\" data-image-title=\"03s20francebanki-thumb-large\" data-image-description=\"\" data-medium-file=\"https:\/\/ecomatin.net\/wp-content\/uploads\/2020\/08\/03s20francebanki-thumb-large-300x188.jpg\" data-large-file=\"https:\/\/ecomatin.net\/wp-content\/uploads\/2020\/08\/03s20francebanki-thumb-large.jpg\"\/><\/div>\n<div class=\"entry-content entry clearfix\" readability=\"46.765747221079\">\n<p>La Soci\u00e9t\u00e9 G\u00e9n\u00e9rale essuie une lourde perte depuis le d\u00e9but de la crise sanitaire. Elle a d\u00fb accumuler d\u2019importantes provisions pour faire face aux faillites et impay\u00e9s \u00e0 venir en raison de la pand\u00e9mie. Fr\u00e9d\u00e9ric Oud\u00e9a, lors de la publication des comptes de la banque, le lundi 3\u00a0ao\u00fbt, se montrait tout de m\u00eame optimiste malgr\u00e9 que le groupe a affich\u00e9 des revenus en baisse de 16\u00a0% et essuy\u00e9 une nouvelle perte nette de 675. 334 milliards de FCFA au deuxi\u00e8me trimestre, marqu\u00e9 par le confinement, apr\u00e8s celle de 2.149\u00a0milliards de FCFA pour les trois premiers mois de l\u2019ann\u00e9e.<\/p>\n<p><strong>Lire aussi<\/strong> : <a href=\"https:\/\/ecomatin.net\/societe-generale-lagence-de-bonamoussadi-en-service-limite-pour-5-mois\/\">Soci\u00e9t\u00e9 G\u00e9n\u00e9rale\u00a0: l\u2019agence de Bonamoussadi en service limit\u00e9 pour 5 mois<\/a><\/p>\n<p>De ce fait le groupe bancaire Soci\u00e9t\u00e9 G\u00e9n\u00e9rale a annonc\u00e9 mardi la nomination d\u2019une nouvelle \u00e9quipe de direction sous la houlette du directeur g\u00e9n\u00e9ral Fr\u00e9d\u00e9ric Oud\u00e9a, en vue de pr\u00e9parer son futur plan strat\u00e9gique qui doit notamment permettre de renforcer les synergies et la r\u00e9duction des co\u00fbts. Fr\u00e9d\u00e9ric Oud\u00e9a commente : \u00ab\u00a0<em>Pour m\u2019accompagner dans la nouvelle \u00e9tape strat\u00e9gique du Groupe, j\u2019ai souhait\u00e9 constituer \u00e0 mes c\u00f4t\u00e9s une \u00e9quipe de direction renouvel\u00e9e et aux comp\u00e9tences bancaires diversifi\u00e9es et renforc\u00e9es. L\u2019\u00e9quipe des directeurs g\u00e9n\u00e9raux d\u00e9l\u00e9gu\u00e9s, compos\u00e9e de quatre dirigeants, seront donc r\u00e9duite \u00e0 deux membres pour permettre l\u2019acc\u00e9l\u00e9ration de la transformation des m\u00e9tiers au service des clients, notamment les activit\u00e9s de march\u00e9 et la banque de d\u00e9tail, dans un environnement \u00e9conomique marqu\u00e9 par la crise de la COVID et un contexte de mutation technologique et de responsabilit\u00e9 accrue des banques dans le financement des transformations positives des \u00e9conomies. Cette nouvelle organisation a aussi pour objectif de nous permettre de renforcer les synergies au sein du Groupe et notre effort de r\u00e9duction des co\u00fbts<\/em>\u00a0\u00bb.<\/p>\n<p><strong>Lire aussi<\/strong> : <a href=\"https:\/\/ecomatin.net\/soutien-aux-start-ups-le-cameroun-absent-dun-projet-de-financement-de-societe-generale\/\">Soutien aux\u00a0 start-ups\u00a0: le Cameroun absent d\u2019un projet de financement de Soci\u00e9t\u00e9 G\u00e9n\u00e9rale\u00a0<\/a><\/p>\n<p>La pand\u00e9mie a \u00e9galement cr\u00e9\u00e9 de fortes perturbations sur les march\u00e9s financiers, particuli\u00e8rement dommageables au Groupe, tr\u00e8s pr\u00e9sent dans les produits financiers complexes que sont les d\u00e9riv\u00e9s actions. <em>\u00ab\u00a0Les march\u00e9s se sont disloqu\u00e9s, cela signifie que les indices ont \u00e9volu\u00e9 diff\u00e9remment des tendances historiques. Dans ce contexte, le produit et ses couvertures ne fonctionnent plus<\/em>, explique Gildas Surry. <em>Par ailleurs, nombre d\u2019entreprises ont annul\u00e9 les paiements de dividendes en raison de la crise, or certains mod\u00e8les de d\u00e9riv\u00e9s actions ne pr\u00e9voyaient tout simplement pas que cela soit possible \u00bb.<\/em> D\u2019o\u00f9 un effondrement de 80\u00a0% des revenus des activit\u00e9s \u00ab\u00a0actions\u00a0\u00bb de la banque au deuxi\u00e8me trimestre. La r\u00e9vision \u00e0 la baisse des perspectives de revenus dans la banque de march\u00e9s a conduit \u00e0 inscrire dans les comptes deux lourdes d\u00e9pr\u00e9ciations. La filiale camerounaise du groupe notamment l\u2019agence de Bonamoussadi \u00e0 Douala avait d\u00e9j\u00e0 pris des mesures restrictives en rapport avec la pand\u00e9mie et annon\u00e7ait un service limit\u00e9 pendant 5 mois \u00e0 partir du 20 juillet 2020.<\/p>\n<div class=\"awac-wrapper awac widget posts-list-widget-11\">\n<h4 class=\"widget-title\">Le plus r\u00e9cent<\/h4>\n<\/div>\n<\/div>\n<p>Auteur: Eco Matin<br \/>\n<a href=\"https:\/\/ecomatin.net\/societe-generale-enregistre-une-perte-de-275-milliards-au-second-trimestre-2020\/\">Cliquez ici pour lire l&rsquo;article depuis sa source.<\/a><\/p>\n","protected":false},"excerpt":{"rendered":"<p>La Soci\u00e9t\u00e9 G\u00e9n\u00e9rale essuie une lourde perte depuis le d\u00e9but de la crise sanitaire. Elle a d\u00fb accumuler d\u2019importantes provisions pour faire face aux faillites et impay\u00e9s \u00e0 venir en raison de la pand\u00e9mie. Fr\u00e9d\u00e9ric Oud\u00e9a, lors de la publication des comptes de la banque, le lundi 3\u00a0ao\u00fbt, se montrait tout de m\u00eame optimiste malgr\u00e9 [&hellip;]<\/p>\n","protected":false},"author":1969,"featured_media":94710,"comment_status":"closed","ping_status":"closed","sticky":false,"template":"","format":"standard","meta":{"fifu_image_url":"","fifu_image_alt":"","footnotes":""},"categories":[82,78],"tags":[],"class_list":["post-94709","post","type-post","status-publish","format-standard","has-post-thumbnail","hentry","category-cameroun","category-economie"],"_links":{"self":[{"href":"https:\/\/linitiative.ca\/International\/wp-json\/wp\/v2\/posts\/94709","targetHints":{"allow":["GET"]}}],"collection":[{"href":"https:\/\/linitiative.ca\/International\/wp-json\/wp\/v2\/posts"}],"about":[{"href":"https:\/\/linitiative.ca\/International\/wp-json\/wp\/v2\/types\/post"}],"author":[{"embeddable":true,"href":"https:\/\/linitiative.ca\/International\/wp-json\/wp\/v2\/users\/1969"}],"replies":[{"embeddable":true,"href":"https:\/\/linitiative.ca\/International\/wp-json\/wp\/v2\/comments?post=94709"}],"version-history":[{"count":0,"href":"https:\/\/linitiative.ca\/International\/wp-json\/wp\/v2\/posts\/94709\/revisions"}],"wp:featuredmedia":[{"embeddable":true,"href":"https:\/\/linitiative.ca\/International\/wp-json\/"}],"wp:attachment":[{"href":"https:\/\/linitiative.ca\/International\/wp-json\/wp\/v2\/media?parent=94709"}],"wp:term":[{"taxonomy":"category","embeddable":true,"href":"https:\/\/linitiative.ca\/International\/wp-json\/wp\/v2\/categories?post=94709"},{"taxonomy":"post_tag","embeddable":true,"href":"https:\/\/linitiative.ca\/International\/wp-json\/wp\/v2\/tags?post=94709"}],"curies":[{"name":"wp","href":"https:\/\/api.w.org\/{rel}","templated":true}]}}