{"id":94711,"date":"2020-08-06T10:06:18","date_gmt":"2020-08-06T14:06:18","guid":{"rendered":"https:\/\/linitiative.ca\/International\/la-cmr-ouvre-une-nouvelle-delegation-a-beni-mellal\/"},"modified":"2020-08-06T10:06:18","modified_gmt":"2020-08-06T14:06:18","slug":"la-cmr-ouvre-une-nouvelle-delegation-a-beni-mellal","status":"publish","type":"post","link":"https:\/\/linitiative.ca\/International\/la-cmr-ouvre-une-nouvelle-delegation-a-beni-mellal\/","title":{"rendered":"La CMR ouvre une nouvelle d\u00e9l\u00e9gation \u00e0 Beni Mellal"},"content":{"rendered":"<header>\n<\/header>\n<div class=\"entry-content clearfix\" readability=\"58\"><img decoding=\"async\" class=\"post_layout_5_img\" src=\"http:\/\/aujourdhui.ma\/wp-content\/uploads\/2020\/04\/cmr.jpg\" alt=\"La CMR ouvre une nouvelle d&#xE9;l&#xE9;gation &#xE0; Beni Mellal\"\/><\/p>\n<p><span class=\"c5\"><strong>D\u2019autres ouvertures sont pr\u00e9vues \u00e0 Guelmim et Dakhla<\/strong><\/span><span id=\"more-352657\"\/><\/p>\n<p>La Caisse Marocaine des Retraites annonce l\u2019ouverture d\u2019une nouvelle d\u00e9l\u00e9gation \u00e0 Beni Mellal, consolidant ainsi sa politique de proximit\u00e9 au service de ses usagers. Cette ouverture vient \u00e9largir la repr\u00e9sentation de la CMR dans les diff\u00e9rentes r\u00e9gions du Maroc (T\u00e9touan, F\u00e8s, Oujda, Rabat, Casablanca, Marrakech, Agadir, La\u00e2youne etErrachidia), en attendant l\u2019ouverture prochaine des d\u00e9l\u00e9gations de Guelmim en fin 2020 et de Dakhla en 2021.<\/p>\n<p>En parall\u00e8le, la CMR continue de d\u00e9velopper son offre de service digitaux \u00e0 travers, notamment, son portail www.cmr.gov.ma et son application mobile \u00abMa Retraite CMR\u00bb, dans le cadre de sa strat\u00e9gie de digitalisation pour la p\u00e9riode 2020-2023.<\/p>\n<p>Cette politique de diversification des canaux de service permet de r\u00e9pondre aux attentes de diff\u00e9rentes cat\u00e9gories d\u2019usagers en s\u2019appuyant sur une synergie et une compl\u00e9mentarit\u00e9 entre le physique et le digital.<\/p>\n<\/div>\n<p>Auteur: ALM<br \/>\n<a href=\"https:\/\/aujourdhui.ma\/societe\/la-cmr-ouvre-une-nouvelle-delegation-a-beni-mellal\">Cliquez ici pour lire l&rsquo;article depuis sa source.<\/a><\/p>\n","protected":false},"excerpt":{"rendered":"<p>D\u2019autres ouvertures sont pr\u00e9vues \u00e0 Guelmim et Dakhla La Caisse Marocaine des Retraites annonce l\u2019ouverture d\u2019une nouvelle d\u00e9l\u00e9gation \u00e0 Beni Mellal, consolidant ainsi sa politique de proximit\u00e9 au service de ses usagers. Cette ouverture vient \u00e9largir la repr\u00e9sentation de la CMR dans les diff\u00e9rentes r\u00e9gions du Maroc (T\u00e9touan, F\u00e8s, Oujda, Rabat, Casablanca, Marrakech, Agadir, La\u00e2youne [&hellip;]<\/p>\n","protected":false},"author":1759,"featured_media":94712,"comment_status":"closed","ping_status":"closed","sticky":false,"template":"","format":"standard","meta":{"fifu_image_url":"","fifu_image_alt":"","footnotes":""},"categories":[73,54],"tags":[],"class_list":["post-94711","post","type-post","status-publish","format-standard","has-post-thumbnail","hentry","category-actualite","category-maroc"],"_links":{"self":[{"href":"https:\/\/linitiative.ca\/International\/wp-json\/wp\/v2\/posts\/94711","targetHints":{"allow":["GET"]}}],"collection":[{"href":"https:\/\/linitiative.ca\/International\/wp-json\/wp\/v2\/posts"}],"about":[{"href":"https:\/\/linitiative.ca\/International\/wp-json\/wp\/v2\/types\/post"}],"author":[{"embeddable":true,"href":"https:\/\/linitiative.ca\/International\/wp-json\/wp\/v2\/users\/1759"}],"replies":[{"embeddable":true,"href":"https:\/\/linitiative.ca\/International\/wp-json\/wp\/v2\/comments?post=94711"}],"version-history":[{"count":0,"href":"https:\/\/linitiative.ca\/International\/wp-json\/wp\/v2\/posts\/94711\/revisions"}],"wp:featuredmedia":[{"embeddable":true,"href":"https:\/\/linitiative.ca\/International\/wp-json\/"}],"wp:attachment":[{"href":"https:\/\/linitiative.ca\/International\/wp-json\/wp\/v2\/media?parent=94711"}],"wp:term":[{"taxonomy":"category","embeddable":true,"href":"https:\/\/linitiative.ca\/International\/wp-json\/wp\/v2\/categories?post=94711"},{"taxonomy":"post_tag","embeddable":true,"href":"https:\/\/linitiative.ca\/International\/wp-json\/wp\/v2\/tags?post=94711"}],"curies":[{"name":"wp","href":"https:\/\/api.w.org\/{rel}","templated":true}]}}