{"id":94713,"date":"2020-08-06T10:17:31","date_gmt":"2020-08-06T14:17:31","guid":{"rendered":"https:\/\/linitiative.ca\/International\/trafic-de-drogues-et-de-psychotropes-arrestation-de-trois-individus-a-tanger\/"},"modified":"2020-08-06T10:17:31","modified_gmt":"2020-08-06T14:17:31","slug":"trafic-de-drogues-et-de-psychotropes-arrestation-de-trois-individus-a-tanger","status":"publish","type":"post","link":"https:\/\/linitiative.ca\/International\/trafic-de-drogues-et-de-psychotropes-arrestation-de-trois-individus-a-tanger\/","title":{"rendered":"Trafic de drogues et de psychotropes : Arrestation de trois individus \u00e0 Tanger"},"content":{"rendered":"<p><img decoding=\"async\" class=\"post_layout_5_img\" src=\"http:\/\/aujourdhui.ma\/wp-content\/uploads\/2016\/02\/karkoubi-qarqoubi-arrestation-comprimes-psychotropes-Maroc.jpg\" alt=\"Trafic de drogues et de psychotropes : Arrestation de trois individus &#xE0; Tanger\"\/><\/p>\n<p><span class=\"c5\"><strong>Les \u00e9l\u00e9ments du service pr\u00e9fectoral de la police judiciaire de Tanger ont interpell\u00e9, mercredi, sur la base d\u2019informations pr\u00e9cises fournies par les services de la Direction g\u00e9n\u00e9rale de la surveillance du territoire (DGST), trois personnes \u00e2g\u00e9es entre 34 et 50 ans, pour leur implication pr\u00e9sum\u00e9e dans une affaire de d\u00e9tention et trafic de drogue et de psychotropes.<\/strong><\/span><span id=\"more-352659\"\/><\/p>\n<p>Un communiqu\u00e9 de la Direction g\u00e9n\u00e9rale de la s\u00fbret\u00e9 nationale (DGSN) indique que deux des suspects ont \u00e9t\u00e9 arr\u00eat\u00e9s au niveau d\u2019un point de contr\u00f4le routier entre Tanger et T\u00e9touan, \u00e0 leur arriv\u00e9e \u00e0 bord d\u2019un v\u00e9hicule l\u00e9ger, pr\u00e9cisant que l\u2019op\u00e9ration de fouille a permis la saisie de 470g de coca\u00efne, minutieusement dissimul\u00e9e dans une bouteille de jus de fruit.<\/p>\n<p>L\u2019enqu\u00eate a permis par la suite d\u2019interpeller le troisi\u00e8me individu, suspect\u00e9 d\u2019\u00eatre leur fournisseur principal de stup\u00e9fiants, \u00e0 bord d\u2019un v\u00e9hicule l\u00e9ger au niveau de l\u2019entr\u00e9e de la ville de T\u00e9touan, ajoute la m\u00eame source.<\/p>\n<p>Les perquisitions men\u00e9es au domicile de l\u2019un des suspects \u00e0 Tanger se sont sold\u00e9es par la saisie de 195g suppl\u00e9mentaires de coca\u00efne, portant la quantit\u00e9 totale des drogues saisies \u00e0 665g, note la DGSN, relevant que des sommes d\u2019argent issues du trafic de drogues, deux voitures, des t\u00e9l\u00e9phones portables et une balance \u00e9lectronique, suspect\u00e9s d\u2019\u00eatre utilis\u00e9s dans cette activit\u00e9 criminelle, ont \u00e9galement \u00e9t\u00e9 saisis.<\/p>\n<p>Les suspects ont \u00e9t\u00e9 plac\u00e9s en garde \u00e0 vue \u00e0 la disposition de l\u2019enqu\u00eate pr\u00e9liminaire men\u00e9e sous la supervision du parquet comp\u00e9tent afin de d\u00e9terminer les ramification de cette activit\u00e9 criminelle et tous les actes criminels attribu\u00e9s aux suspects.<\/p>\n<p>Auteur: ALM<br \/>\n<a href=\"https:\/\/aujourdhui.ma\/faits-divers\/trafic-de-drogues-et-de-psychotropes-arrestation-de-trois-individus-a-tanger\">Cliquez ici pour lire l&rsquo;article depuis sa source.<\/a><\/p>\n","protected":false},"excerpt":{"rendered":"<p>Les \u00e9l\u00e9ments du service pr\u00e9fectoral de la police judiciaire de Tanger ont interpell\u00e9, mercredi, sur la base d\u2019informations pr\u00e9cises fournies par les services de la Direction g\u00e9n\u00e9rale de la surveillance du territoire (DGST), trois personnes \u00e2g\u00e9es entre 34 et 50 ans, pour leur implication pr\u00e9sum\u00e9e dans une affaire de d\u00e9tention et trafic de drogue et [&hellip;]<\/p>\n","protected":false},"author":1759,"featured_media":94714,"comment_status":"closed","ping_status":"closed","sticky":false,"template":"","format":"standard","meta":{"fifu_image_url":"","fifu_image_alt":"","footnotes":""},"categories":[73,54],"tags":[],"class_list":["post-94713","post","type-post","status-publish","format-standard","has-post-thumbnail","hentry","category-actualite","category-maroc"],"_links":{"self":[{"href":"https:\/\/linitiative.ca\/International\/wp-json\/wp\/v2\/posts\/94713","targetHints":{"allow":["GET"]}}],"collection":[{"href":"https:\/\/linitiative.ca\/International\/wp-json\/wp\/v2\/posts"}],"about":[{"href":"https:\/\/linitiative.ca\/International\/wp-json\/wp\/v2\/types\/post"}],"author":[{"embeddable":true,"href":"https:\/\/linitiative.ca\/International\/wp-json\/wp\/v2\/users\/1759"}],"replies":[{"embeddable":true,"href":"https:\/\/linitiative.ca\/International\/wp-json\/wp\/v2\/comments?post=94713"}],"version-history":[{"count":0,"href":"https:\/\/linitiative.ca\/International\/wp-json\/wp\/v2\/posts\/94713\/revisions"}],"wp:featuredmedia":[{"embeddable":true,"href":"https:\/\/linitiative.ca\/International\/wp-json\/"}],"wp:attachment":[{"href":"https:\/\/linitiative.ca\/International\/wp-json\/wp\/v2\/media?parent=94713"}],"wp:term":[{"taxonomy":"category","embeddable":true,"href":"https:\/\/linitiative.ca\/International\/wp-json\/wp\/v2\/categories?post=94713"},{"taxonomy":"post_tag","embeddable":true,"href":"https:\/\/linitiative.ca\/International\/wp-json\/wp\/v2\/tags?post=94713"}],"curies":[{"name":"wp","href":"https:\/\/api.w.org\/{rel}","templated":true}]}}