{"id":94723,"date":"2020-08-06T10:15:12","date_gmt":"2020-08-06T14:15:12","guid":{"rendered":"https:\/\/linitiative.ca\/International\/lions-de-latlas%ef%bb%bf\/"},"modified":"2020-08-06T10:15:12","modified_gmt":"2020-08-06T14:15:12","slug":"lions-de-latlas%ef%bb%bf","status":"publish","type":"post","link":"https:\/\/linitiative.ca\/International\/lions-de-latlas%ef%bb%bf\/","title":{"rendered":"Lions de l\u2019Atlas\ufeff"},"content":{"rendered":"<p class=\"has-text-color has-vivid-red-color c2\"><strong>Belhanda mis \u00e0 l\u2019amende par Galatasaray!<\/strong><\/p>\n<p class=\"c3\"><strong>Oussama Zidouhia<\/strong><\/p>\n<p class=\"has-text-color c4\"><strong>Pour un carton rouge re\u00e7u lors du derby contre Fenerbah\u00e7e, Younes Belhanda s\u2019est vu infliger par sa direction une amende colossale, signe d\u2019un divorce act\u00e9!<\/strong><\/p>\n<p>En effet, comme rapport\u00e9 par le journaliste fran\u00e7ais Manu Lonjon, Belhanda va devoir payer une amende record de 150\u00a0000 euros pour avoir \u00e9t\u00e9 expuls\u00e9 le 23 f\u00e9vrier dernier, lors du derby face \u00e0 son \u00e9ternel rival Fenerbah\u00e7e, ou \u00e9volue un autre Lion, Nabil Dirar. Un match qui s\u2019\u00e9tait sold\u00e9 par une bagarre g\u00e9n\u00e9rale sur le terrain.<\/p>\n<p>Toujours selon le journaliste, cette d\u00e9cision a pour but de pousser le Marocain vers la sortie. Devenu ind\u00e9sirable, Belhanda, qui a encore une ann\u00e9e dans son contrat avec Galatasaray, devrait se trouver un point de chute tr\u00e8s prochainement.<\/p>\n<p class=\"has-text-color has-vivid-red-color c2\"><strong>Aguerd en Ligue des Champions la saison prochaine\u00a0?<\/strong><\/p>\n<p>\u00c0 la recherche d\u2019un d\u00e9fenseur gaucher, Rennes (3<sup>e<\/sup> au classement de la Ligue1) aurait jet\u00e9 son d\u00e9volu sur le Lion de l\u2019Atlas, Nayef Aguerd (24 ans).<\/p>\n<p>En effet, le Marocain, natif de la ville de Kenitra, avait port\u00e9 les couleurs de l\u2019Acad\u00e9mie Mohammed VI et du FUS, club avec lequel il a \u00e9volu\u00e9 pendant 4 saisons en premi\u00e8re division marocaine remportant la Coupe du Tr\u00f4ne en 2014 et le championnat marocain en 2016.<\/p>\n<p>En 2018, Aguerd rejoint les rangs de Dijon FCO pour une dur\u00e9e de trois saisons, pour 1,6 million d\u2019euros. Cette saison, l\u2019international marocain a particip\u00e9 \u00e0 12 rencontres de Ligue 1, inscrivant un but.<\/p>\n<p>Selon les r\u00e9centes informations de la presse fran\u00e7aise, les dirigeants du Stade Rennais seraient pr\u00eats \u00e0 mettre 7 millions d\u2019euros sur la table pour convaincre Dijon de laisser partir Aguerd. Ce dernier, en cas de d\u00e9part vers le club breton, pourra disputer la Ligue des Champions la saison prochaine.<\/p>\n<p>Auteur: M&rsquo;hammed rahal<br \/>\n<a href=\"http:\/\/albayane.press.ma\/lions-de-latlas%EF%BB%BF-2.html\">Cliquez ici pour lire l&rsquo;article depuis sa source.<\/a><\/p>\n","protected":false},"excerpt":{"rendered":"<p>Belhanda mis \u00e0 l\u2019amende par Galatasaray! Oussama Zidouhia Pour un carton rouge re\u00e7u lors du derby contre Fenerbah\u00e7e, Younes Belhanda s\u2019est vu infliger par sa direction une amende colossale, signe d\u2019un divorce act\u00e9! En effet, comme rapport\u00e9 par le journaliste fran\u00e7ais Manu Lonjon, Belhanda va devoir payer une amende record de 150\u00a0000 euros pour avoir [&hellip;]<\/p>\n","protected":false},"author":1760,"featured_media":0,"comment_status":"closed","ping_status":"closed","sticky":false,"template":"","format":"standard","meta":{"fifu_image_url":"","fifu_image_alt":"","footnotes":""},"categories":[73,54],"tags":[],"class_list":["post-94723","post","type-post","status-publish","format-standard","hentry","category-actualite","category-maroc"],"_links":{"self":[{"href":"https:\/\/linitiative.ca\/International\/wp-json\/wp\/v2\/posts\/94723","targetHints":{"allow":["GET"]}}],"collection":[{"href":"https:\/\/linitiative.ca\/International\/wp-json\/wp\/v2\/posts"}],"about":[{"href":"https:\/\/linitiative.ca\/International\/wp-json\/wp\/v2\/types\/post"}],"author":[{"embeddable":true,"href":"https:\/\/linitiative.ca\/International\/wp-json\/wp\/v2\/users\/1760"}],"replies":[{"embeddable":true,"href":"https:\/\/linitiative.ca\/International\/wp-json\/wp\/v2\/comments?post=94723"}],"version-history":[{"count":0,"href":"https:\/\/linitiative.ca\/International\/wp-json\/wp\/v2\/posts\/94723\/revisions"}],"wp:attachment":[{"href":"https:\/\/linitiative.ca\/International\/wp-json\/wp\/v2\/media?parent=94723"}],"wp:term":[{"taxonomy":"category","embeddable":true,"href":"https:\/\/linitiative.ca\/International\/wp-json\/wp\/v2\/categories?post=94723"},{"taxonomy":"post_tag","embeddable":true,"href":"https:\/\/linitiative.ca\/International\/wp-json\/wp\/v2\/tags?post=94723"}],"curies":[{"name":"wp","href":"https:\/\/api.w.org\/{rel}","templated":true}]}}