{"id":94733,"date":"2020-08-06T06:08:25","date_gmt":"2020-08-06T10:08:25","guid":{"rendered":"https:\/\/linitiative.ca\/International\/la-commune-est-soucieuse-dassurer-la-securite-sanitaire-des-elus\/"},"modified":"2020-08-06T06:08:25","modified_gmt":"2020-08-06T10:08:25","slug":"la-commune-est-soucieuse-dassurer-la-securite-sanitaire-des-elus","status":"publish","type":"post","link":"https:\/\/linitiative.ca\/International\/la-commune-est-soucieuse-dassurer-la-securite-sanitaire-des-elus\/","title":{"rendered":"La Commune est soucieuse d\u2019assurer la s\u00e9curit\u00e9 sanitaire des \u00e9lus"},"content":{"rendered":"<div readability=\"43\">\n<p>Marrakech \u2013 La Commune de Marrakech est soucieuse, depuis l\u2019apparition de la pand\u00e9mie du nouveau coronavirus, d\u2019\u00e9viter l\u2019enregistrement de cas d\u2019infection par la Covid-19 parmi les \u00e9lus, les fonctionnaires et les usagers et d\u2019assurer leur s\u00e9curit\u00e9 sanitaire, tout en adh\u00e9rant, d\u00e8s le d\u00e9part, aux efforts men\u00e9s par les autorit\u00e9s, tous corps confondus, et les \u00e9tablissements publics pour endiguer la propagation de la pand\u00e9mie dans la cit\u00e9 ocre.<\/p>\n<\/div>\n<div readability=\"86\">\n<p>Dans un communiqu\u00e9 publi\u00e9 suite \u00e0 des informations relay\u00e9es par plusieurs supports m\u00e9diatiques et sites \u00e9lectroniques autour de l\u2019infection d\u2019\u00e9lus et de fonctionnaires par la Covid-19, la Commune affirme avoir proc\u00e9d\u00e9, sous la supervision directe des membres du bureau du conseil communal, \u00e0 des op\u00e9rations de st\u00e9rilisation et de d\u00e9sinfection ayant concern\u00e9 les diff\u00e9rents services administratifs communaux, les si\u00e8ges des administrations publiques, les \u00e9tablissements scolaires, les mosqu\u00e9es avant et apr\u00e8s leur r\u00e9ouverture, ainsi que les march\u00e9s urbains.<\/p>\n<p>La Commune a aussi veill\u00e9 au respect des mesures pr\u00e9ventives et proactives recommand\u00e9es par le comit\u00e9 de veille pour la lutte contre la Covid-19, dont la prise de temp\u00e9rature des fonctionnaires et des usagers, l\u2019enregistrement de leurs donn\u00e9es personnelles et le port des masques de protection avant d\u2019acc\u00e9der \u00e0 l\u2019administration.<\/p>\n<p>Ces mesures portent \u00e9galement sur la pr\u00e9paration et l\u2019affichage d\u2019affiches ainsi que la fixation de bandes autocollantes de signalisation afin d\u2019organiser l\u2019entr\u00e9e et la sortie, le respect de la distanciation physique, la publication et la g\u00e9n\u00e9ralisation de notes de service et de guides pratiques sur les moyens de protection du virus dans les administrations, explique le communiqu\u00e9.<\/p>\n<p>Et de poursuivre que la Commune a \u0153uvr\u00e9 au renforcement de la coordination avec les autorit\u00e9s de la wilaya et sanitaires ainsi qu\u2019avec le comit\u00e9 de veille r\u00e9gional, et \u00e0 l\u2019organisation d\u2019op\u00e9rations de d\u00e9pistage suite \u00e0 l\u2019apparition de cas d\u2019infection \u00e0 la Covid-19 parmi les \u00e9lus, rappelant que cette op\u00e9ration a concern\u00e9 le 29 juin dernier plus de 90 fonctionnaires, dont les r\u00e9sultats des analyses ont r\u00e9v\u00e9l\u00e9 des cas positifs, qui ont \u00e9t\u00e9 pris en charge par les autorit\u00e9s comp\u00e9tentes et soumis au traitement en vigueur.<\/p>\n<p>Dans ce sens, fait savoir la m\u00eame source, un total de 500 employ\u00e9s communaux devraient effectuer des tests de d\u00e9pistage les 5 et 6 ao\u00fbt pour dissiper toutes les peurs des fonctionnaires.<\/p>\n<p>La commune de Marrakech a, en outre, veill\u00e9 \u00e0 apporter un soutien psychologique \u00e0 l\u2019ensemble des cadres et des fonctionnaires, d\u2019autant plus qu\u2019il est naturel que certains d\u2019entre eux ressentent de la peur alors que les pays du monde entier font face \u00e0 cette pand\u00e9mie, ce qui requiert davantage de prudence et le respect strict des directives d\u00e9cr\u00e9t\u00e9es pour enrayer toute transmission ou propagation du virus.<\/p>\n<p>Et le communiqu\u00e9 de conclure que la pr\u00e9sidence du conseil communal ainsi que son bureau dirigeant et la direction g\u00e9n\u00e9rale des services suivent de pr\u00e8s la situation et s\u2019attachent constamment \u00e0 ex\u00e9cuter et \u00e0 mettre en \u0153uvre les mesures pr\u00e9ventives prises dans ce cadre, ainsi qu\u2019\u00e0 transcender et \u00e0 surmonter les obstacles qui peuvent survenir en cette conjoncture.<\/p>\n<\/div>\n<p>Auteur: Meriem IGASS<br \/>\n<a href=\"http:\/\/www.mapmarrakech.ma\/fr\/la-commune-est-soucieuse-dassurer-la-securite-sanitaire-des-elus\/\">Cliquez ici pour lire l&rsquo;article depuis sa source.<\/a><\/p>\n","protected":false},"excerpt":{"rendered":"<p>Marrakech \u2013 La Commune de Marrakech est soucieuse, depuis l\u2019apparition de la pand\u00e9mie du nouveau coronavirus, d\u2019\u00e9viter l\u2019enregistrement de cas d\u2019infection par la Covid-19 parmi les \u00e9lus, les fonctionnaires et les usagers et d\u2019assurer leur s\u00e9curit\u00e9 sanitaire, tout en adh\u00e9rant, d\u00e8s le d\u00e9part, aux efforts men\u00e9s par les autorit\u00e9s, tous corps confondus, et les \u00e9tablissements [&hellip;]<\/p>\n","protected":false},"author":1788,"featured_media":0,"comment_status":"closed","ping_status":"closed","sticky":false,"template":"","format":"standard","meta":{"fifu_image_url":"","fifu_image_alt":"","footnotes":""},"categories":[54,76],"tags":[],"class_list":["post-94733","post","type-post","status-publish","format-standard","hentry","category-maroc","category-regions"],"_links":{"self":[{"href":"https:\/\/linitiative.ca\/International\/wp-json\/wp\/v2\/posts\/94733","targetHints":{"allow":["GET"]}}],"collection":[{"href":"https:\/\/linitiative.ca\/International\/wp-json\/wp\/v2\/posts"}],"about":[{"href":"https:\/\/linitiative.ca\/International\/wp-json\/wp\/v2\/types\/post"}],"author":[{"embeddable":true,"href":"https:\/\/linitiative.ca\/International\/wp-json\/wp\/v2\/users\/1788"}],"replies":[{"embeddable":true,"href":"https:\/\/linitiative.ca\/International\/wp-json\/wp\/v2\/comments?post=94733"}],"version-history":[{"count":0,"href":"https:\/\/linitiative.ca\/International\/wp-json\/wp\/v2\/posts\/94733\/revisions"}],"wp:attachment":[{"href":"https:\/\/linitiative.ca\/International\/wp-json\/wp\/v2\/media?parent=94733"}],"wp:term":[{"taxonomy":"category","embeddable":true,"href":"https:\/\/linitiative.ca\/International\/wp-json\/wp\/v2\/categories?post=94733"},{"taxonomy":"post_tag","embeddable":true,"href":"https:\/\/linitiative.ca\/International\/wp-json\/wp\/v2\/tags?post=94733"}],"curies":[{"name":"wp","href":"https:\/\/api.w.org\/{rel}","templated":true}]}}