{"id":94806,"date":"2020-08-06T17:35:50","date_gmt":"2020-08-06T21:35:50","guid":{"rendered":"https:\/\/linitiative.ca\/International\/deces-du-pr-jean-baptiste-kienthega-le-dernier-coup-de-pioche-de-larcheologue\/"},"modified":"2020-08-06T17:35:50","modified_gmt":"2020-08-06T21:35:50","slug":"deces-du-pr-jean-baptiste-kienthega-le-dernier-coup-de-pioche-de-larcheologue","status":"publish","type":"post","link":"https:\/\/linitiative.ca\/International\/deces-du-pr-jean-baptiste-kienthega-le-dernier-coup-de-pioche-de-larcheologue\/","title":{"rendered":"D\u00e9c\u00e8s du Pr Jean-Baptiste Kienth\u00e9ga : Le dernier coup de pioche de l\u2019arch\u00e9ologue"},"content":{"rendered":"<div class=\"td-post-featured-image\" readability=\"32\"><a href=\"https:\/\/www.sidwaya.info\/wp-content\/uploads\/2020\/08\/jeanbaptiste.jpg\" data-caption=\"Le professeur Jean- Baptiste Kienth&#xE9;ga a &#xE9;t&#xE9; l'une des chevilles ouvri&#xE8;res&#x2026;\"><img loading=\"lazy\" decoding=\"async\" width=\"696\" height=\"441\" class=\"entry-thumb td-modal-image\" src=\"https:\/\/www.sidwaya.info\/wp-content\/uploads\/2020\/08\/jeanbaptiste-696x441.jpg\" srcset=\"https:\/\/www.sidwaya.info\/wp-content\/uploads\/2020\/08\/jeanbaptiste-696x441.jpg 696w, https:\/\/www.sidwaya.info\/wp-content\/uploads\/2020\/08\/jeanbaptiste-300x190.jpg 300w, https:\/\/www.sidwaya.info\/wp-content\/uploads\/2020\/08\/jeanbaptiste-662x420.jpg 662w, https:\/\/www.sidwaya.info\/wp-content\/uploads\/2020\/08\/jeanbaptiste.jpg 700w\" sizes=\"auto, (max-width: 696px) 100vw, 696px\" alt=\"\" title=\"jeanbaptiste\"\/><\/a>Le professeur Jean- Baptiste Kienth\u00e9ga a \u00e9t\u00e9 l&rsquo;une des chevilles ouvri\u00e8res\u2026<\/div>\n<p><strong>Enseignant et chercheur chevronn\u00e9, Pr Jean-Baptiste Kienth\u00e9ga a tir\u00e9 sa r\u00e9v\u00e9rence, le mercredi 5 ao\u00fbt 2020 \u00e0 Ouagadougou. L\u2019homme a \u00e9t\u00e9 le premier professeur titulaire en Arch\u00e9ologie et en Histoire du Burkina Faso.<\/strong><\/p>\n<p>Le monde universitaire et culturel burkinab\u00e8 est en deuil. Premier professeur titulaire en arch\u00e9ologie et en histoire du Burkina Faso, Jean-Baptiste Kienth\u00e9ga est<br \/>d\u00e9c\u00e9d\u00e9, le mercredi 5 ao\u00fbt 2020, \u00e0 l\u2019\u00e2ge de 73 ans. Admis \u00e0 la retraite en 2010 apr\u00e8s plus de quatre d\u00e9cennies d\u2019enseignement et de recherche, l\u2019historien arch\u00e9ologue d\u00e9bute sa carri\u00e8re comme professeur d\u2019histoire-g\u00e9ographie au lyc\u00e9e Philippe-Zinda-Kabor\u00e9, et simultan\u00e9ment au Centre d\u2019enseignement sup\u00e9rieur qui deviendra plus tard en 1974, Universit\u00e9 de Ouagadougou (actuelle universit\u00e9 Joseph-Ki-Zerbo).<\/p>\n<p>Rigoureux, passionn\u00e9 d\u2019histoire et d\u2019arch\u00e9ologie, il dispense \u00e9galement son savoir au-del\u00e0 des fronti\u00e8res du Burkina Faso (Togo, Mali, Niger, Benin, Cameroun, etc.). En l\u2019espace de plusieurs d\u00e9cennies, il verra passer sous sa coupe de nombreux \u00e9tudiants, devenus aujourd\u2019hui cadres sup\u00e9rieurs en arch\u00e9ologie et chercheurs dans ladite discipline. \u00ab\u00a0Je retiens et je m\u2019approprie ses valeurs que sont la rigueur, l\u2019\u00e9quit\u00e9 et l\u2019honn\u00eatet\u00e9 intellectuelle. Depuis vingt ans, je ne fais que r\u00e9colter les fruits que ce grand homme a fait germer en moi.<\/p>\n<div class=\"td-a-rec td-a-rec-id-content_inline tdi_30_f79 td_block_template_1\"><img loading=\"lazy\" decoding=\"async\" class=\"aligncenter size-full wp-image-21314\" src=\"https:\/\/www.sidwaya.info\/wp-content\/uploads\/2020\/04\/Bandeau-Covid-19-Sidwaya-1.jpg\" alt=\"\" width=\"790\" height=\"98\"\/><\/div>\n<p><img loading=\"lazy\" decoding=\"async\" class=\"size-medium wp-image-25357\" src=\"https:\/\/www.sidwaya.info\/wp-content\/uploads\/2020\/08\/jb-300x201.jpg\" alt=\"\" width=\"300\" height=\"201\" srcset=\"https:\/\/www.sidwaya.info\/wp-content\/uploads\/2020\/08\/jb-300x201.jpg 300w, https:\/\/www.sidwaya.info\/wp-content\/uploads\/2020\/08\/jb-696x465.jpg 696w, https:\/\/www.sidwaya.info\/wp-content\/uploads\/2020\/08\/jb-628x420.jpg 628w, https:\/\/www.sidwaya.info\/wp-content\/uploads\/2020\/08\/jb.jpg 700w\" sizes=\"auto, (max-width: 300px) 100vw, 300px\"\/>\u2026de l\u2019inscription des ruines de Lorop\u00e9ni au patrimoine mondial de l\u2019UNESCO.<\/p>\n<p>Je ne suis pas le seul de ma g\u00e9n\u00e9ration \u00e0 tirer profit des enseignements de cet homme. Nous sommes des milliers de Burkinab\u00e8 et d\u2019Africains \u00e0 avoir b\u00e9n\u00e9fici\u00e9 de sa p\u00e9dagogie, de sa science et de son humanisme. Nous \u00e9tions plus d\u2019une dizaine pour la premi\u00e8re promotion de troisi\u00e8me cycle au D\u00e9partement d\u2019histoire dont il \u00e9tait le pr\u00e9sident de la Commission doctorale. Je me r\u00e9jouis d\u2019avoir \u00e9t\u00e9 le premier Docteur du D\u00e9partement d\u2019histoire et arch\u00e9ologie de l\u2019Universit\u00e9 de Ouagadougou enti\u00e8rement form\u00e9 au Burkina Faso\u00a0\u00bb, t\u00e9moigne l\u2019historien et diplomate, Dr Poussi Sawadogo, dans une<br \/>tribune sur le site d\u2019informations burkinab\u00e8, lefaso.net.<\/p>\n<p>Arch\u00e9ologue exp\u00e9riment\u00e9, il jouera un r\u00f4le pr\u00e9pond\u00e9rant dans l\u2019inscription, en 2009, des ruines de Lorop\u00e9ni au patrimoine mondial de l\u2019UNESCO. \u00ab\u00a0J\u2019ai d\u00e9fendu le dossier avec le ministre Filippe Savadogo et le dossier est pass\u00e9 comme une lettre \u00e0 la poste. Ma contribution est donc une recherche scientifique que j\u2019ai men\u00e9e m\u00e9thodiquement par rapport au dossier pr\u00e9c\u00e9dent. C\u2019est cela qui a permis l\u2019inscription des ruines de Lorop\u00e9ni au patrimoine mondial de l\u2019UNESCO en juin 2009\u00a0\u00bb, explique-t-il dans une interview accord\u00e9e au quotidien priv\u00e9 Le Pays. Conseiller technique au minist\u00e8re de la Culture pendant environ dix ans, il apportera sa touche dans la cr\u00e9ation du Mus\u00e9e national, et du d\u00e9sormais d\u00e9funt Institut des peuples noirs (IPN), un projet cher au pr\u00e9sident Thomas Sankara\u2026 Pr Jean-Baptiste Kienth\u00e9ga est, entre autres, l\u2019auteur d\u2019un essai : \u00ab\u00a0La m\u00e9tallurgie lourde du fer au Burkina Faso\u00a0\u00bb. Docteur d\u2019Etat, il est, \u00e9galement, officier de l\u2019Ordre national, officier de l\u2019Ordre des palmes acad\u00e9miques, et chevalier des arts et des lettres de la R\u00e9publique fran\u00e7aise (1995).<\/p>\n<p class=\"c1\"><strong>W. Aubin NANA<\/strong><\/p>\n<hr\/>\n<p><strong>\u00ab\u00a0Un homme multidimensionnel\u00a0\u00bb, Filippe Savadogo, ancien ministre de la Culture, du Tourisme et de la Communication<\/strong><\/p>\n<p><img loading=\"lazy\" decoding=\"async\" class=\"size-medium wp-image-25358 alignleft\" src=\"https:\/\/www.sidwaya.info\/wp-content\/uploads\/2020\/08\/jb1-300x215.jpg\" alt=\"\" width=\"300\" height=\"215\" srcset=\"https:\/\/www.sidwaya.info\/wp-content\/uploads\/2020\/08\/jb1-300x215.jpg 300w, https:\/\/www.sidwaya.info\/wp-content\/uploads\/2020\/08\/jb1-696x499.jpg 696w, https:\/\/www.sidwaya.info\/wp-content\/uploads\/2020\/08\/jb1-586x420.jpg 586w, https:\/\/www.sidwaya.info\/wp-content\/uploads\/2020\/08\/jb1.jpg 700w\" sizes=\"auto, (max-width: 300px) 100vw, 300px\"\/>\u00ab\u00a0C\u2019est avec tristesse que j\u2019ai appris la disparition de cet homme immense et multidimensionnel. Nous nous sommes connus quand j\u2019avais une dizaine d\u2019ann\u00e9es. C\u2019est l\u2019un des enseignants qui ont suscit\u00e9 le go\u00fbt de l\u2019histoire chez de nombreux jeunes Burkinab\u00e8. C\u2019\u00e9tait un homme passionn\u00e9 et un homme de terrain. Il \u00e9tait, en outre bon, ouvert, franc, direct et rigoureux. Jean Baptiste Kienth\u00e9ga \u00e9tait un homme qui aimait ce qu\u2019il faisait, et faisait ce qu\u2019il aimait. Sur le plan humain, il \u00e9tait simplement bon, mais avait ses convictions personnelles. C\u2019est un doyen qui s\u2019en va. Nous pleurons un doyen et un grand homme. Le Burkina Faso perd un g\u00e9ant de la science qui a fait bouger les lignes de l\u2019histoire et de l\u2019arch\u00e9ologie de notre pays, notamment en ce qui concerne l\u2019inscription des ruines de Lorop\u00e9ni, et les hauts-fourneaux de Tiw\u00e8ga au patrimoine mondial de l\u2019humanit\u00e9 de l\u2019UNESCO\u00a0\u00bb.<\/p>\n<hr\/>\n<p><strong>\u00ab\u00a0L\u2019Afrique perd l\u2019un de ses baobabs\u00a0\u00bb, Dr Adamou Kantagba, Enseignant-chercheur<\/strong><br \/><strong>\u00e0 l\u2019universit\u00e9 Nazi-Boni de Bobo-Dioulasso<\/strong><\/p>\n<p><img loading=\"lazy\" decoding=\"async\" class=\"size-medium wp-image-25359 alignleft\" src=\"https:\/\/www.sidwaya.info\/wp-content\/uploads\/2020\/08\/jb11-300x225.jpg\" alt=\"\" width=\"300\" height=\"225\" srcset=\"https:\/\/www.sidwaya.info\/wp-content\/uploads\/2020\/08\/jb11-300x225.jpg 300w, https:\/\/www.sidwaya.info\/wp-content\/uploads\/2020\/08\/jb11-696x522.jpg 696w, https:\/\/www.sidwaya.info\/wp-content\/uploads\/2020\/08\/jb11-560x420.jpg 560w, https:\/\/www.sidwaya.info\/wp-content\/uploads\/2020\/08\/jb11-80x60.jpg 80w, https:\/\/www.sidwaya.info\/wp-content\/uploads\/2020\/08\/jb11-265x198.jpg 265w, https:\/\/www.sidwaya.info\/wp-content\/uploads\/2020\/08\/jb11.jpg 700w\" sizes=\"auto, (max-width: 300px) 100vw, 300px\"\/>\u00ab\u00a0Sur le plan acad\u00e9mique que je d\u00e9compose en deux axes : l\u2019axe de la recherche et l\u2019axe de la formation, l\u2019homme fut un enseignant-chercheur, plein, tr\u00e8s plein. Concernant le 1er axe, par exemple, il est l\u2019auteur de publications (ouvrages\/articles) qui font autorit\u00e9 dans le domaine de l\u2019histoire et de l\u2019arch\u00e9ologie. S\u2019agissant du 2e axe, celui \u00e0 qui le d\u00e9partement d\u2019histoire et arch\u00e9ologie doit son 3e cycle, a form\u00e9 toute une g\u00e9n\u00e9ration de chercheurs qui font, tout comme lui, la fiert\u00e9 du Burkina Faso. Si le<br \/>principe des Professeurs \u00e9m\u00e9rites existait dans notre syst\u00e8me universitaire, comme il en existe ailleurs, il fait certainement partie des enseignants-chercheurs qui l\u2019auraient m\u00e9rit\u00e9. Avec sa disparition, le d\u00e9partement d\u2019histoire, l\u2019UFR\/SH-LAM, l\u2019universit\u00e9 Joseph-Ki-Zerbo, le Burkina Faso, mais aussi l\u2019Afrique perd un autre de ses baobabs. Puissent ses travaux inspirer les g\u00e9n\u00e9rations pr\u00e9sentes et futures! Reposez en paix, Ma\u00eetre!\u00a0\u00bb.<\/p>\n<p class=\"c1\"><strong>Propos recueillis par W.A.N.<\/strong><\/p>\n<div class=\"td-a-rec td-a-rec-id-content_bottom tdi_31_255 td_block_template_1\"><img loading=\"lazy\" decoding=\"async\" class=\"aligncenter size-full wp-image-22415\" src=\"https:\/\/www.sidwaya.info\/wp-content\/uploads\/2020\/05\/Bandeau-paiement-mobile-site.png\" alt=\"\" width=\"728\" height=\"90\"\/><\/div>\n<p>Auteur: BM. Sidwaya<br \/>\n<a href=\"https:\/\/www.sidwaya.info\/blog\/2020\/08\/06\/deces-du-pr-jean-baptiste-kienthega-le-dernier-coup-de-pioche-de-larcheologue\/\">Cliquez ici pour lire l&rsquo;article depuis sa source.<\/a><\/p>\n","protected":false},"excerpt":{"rendered":"<p>Le professeur Jean- Baptiste Kienth\u00e9ga a \u00e9t\u00e9 l&rsquo;une des chevilles ouvri\u00e8res\u2026 Enseignant et chercheur chevronn\u00e9, Pr Jean-Baptiste Kienth\u00e9ga a tir\u00e9 sa r\u00e9v\u00e9rence, le mercredi 5 ao\u00fbt 2020 \u00e0 Ouagadougou. L\u2019homme a \u00e9t\u00e9 le premier professeur titulaire en Arch\u00e9ologie et en Histoire du Burkina Faso. Le monde universitaire et culturel burkinab\u00e8 est en deuil. Premier professeur [&hellip;]<\/p>\n","protected":false},"author":1816,"featured_media":94807,"comment_status":"closed","ping_status":"closed","sticky":false,"template":"","format":"standard","meta":{"fifu_image_url":"","fifu_image_alt":"","footnotes":""},"categories":[73,81],"tags":[],"class_list":["post-94806","post","type-post","status-publish","format-standard","has-post-thumbnail","hentry","category-actualite","category-burkina-faso"],"_links":{"self":[{"href":"https:\/\/linitiative.ca\/International\/wp-json\/wp\/v2\/posts\/94806","targetHints":{"allow":["GET"]}}],"collection":[{"href":"https:\/\/linitiative.ca\/International\/wp-json\/wp\/v2\/posts"}],"about":[{"href":"https:\/\/linitiative.ca\/International\/wp-json\/wp\/v2\/types\/post"}],"author":[{"embeddable":true,"href":"https:\/\/linitiative.ca\/International\/wp-json\/wp\/v2\/users\/1816"}],"replies":[{"embeddable":true,"href":"https:\/\/linitiative.ca\/International\/wp-json\/wp\/v2\/comments?post=94806"}],"version-history":[{"count":0,"href":"https:\/\/linitiative.ca\/International\/wp-json\/wp\/v2\/posts\/94806\/revisions"}],"wp:featuredmedia":[{"embeddable":true,"href":"https:\/\/linitiative.ca\/International\/wp-json\/"}],"wp:attachment":[{"href":"https:\/\/linitiative.ca\/International\/wp-json\/wp\/v2\/media?parent=94806"}],"wp:term":[{"taxonomy":"category","embeddable":true,"href":"https:\/\/linitiative.ca\/International\/wp-json\/wp\/v2\/categories?post=94806"},{"taxonomy":"post_tag","embeddable":true,"href":"https:\/\/linitiative.ca\/International\/wp-json\/wp\/v2\/tags?post=94806"}],"curies":[{"name":"wp","href":"https:\/\/api.w.org\/{rel}","templated":true}]}}