{"id":94847,"date":"2020-08-06T15:44:47","date_gmt":"2020-08-06T19:44:47","guid":{"rendered":"https:\/\/linitiative.ca\/International\/handi-premiere-radio-dediee-aux-personnes-a-besoins-specifiques\/"},"modified":"2020-08-06T15:44:47","modified_gmt":"2020-08-06T19:44:47","slug":"handi-premiere-radio-dediee-aux-personnes-a-besoins-specifiques","status":"publish","type":"post","link":"https:\/\/linitiative.ca\/International\/handi-premiere-radio-dediee-aux-personnes-a-besoins-specifiques\/","title":{"rendered":"Handi+, premi\u00e8re radio d\u00e9di\u00e9e aux personnes \u00e0 besoins sp\u00e9cifiques"},"content":{"rendered":"<div readability=\"37\">\n<p>Marrakech \u2013 Le paysage m\u00e9diatique national et r\u00e9gional s\u2019est enrichi avec le lancement, r\u00e9cemment \u00e0 Marrakech, de \u00ab\u00a0Handi +\u00a0\u00bb, premi\u00e8re radio num\u00e9rique d\u00e9di\u00e9e aux questions inh\u00e9rentes aux personnes \u00e0 besoins sp\u00e9cifiques au Maroc.<\/p>\n<\/div>\n<div readability=\"76\">\n<p>Cette radio, unique en son genre, puise sa cr\u00e9ation dans l\u2019importance des questions li\u00e9es \u00e0 cette frange de la soci\u00e9t\u00e9 et dans la conviction en la grande volont\u00e9 des personnes \u00e0 besoins sp\u00e9cifiques de surmonter leurs handicaps, expliquent les initiateurs de ce projet.<\/p>\n<p>Les responsables de cette radio soci\u00e9tale et associative, accessible via le lien (http:\/\/listen.radioking.com\/radio\/286735\/stream\/332800), proc\u00e8dent ainsi \u00e0 l\u2019invitation de personnes \u00e0 besoins sp\u00e9cifiques pour jeter la lumi\u00e8re sur leurs exp\u00e9riences et discuter des d\u00e9fis auxquels elles sont confront\u00e9es au quotidien, ainsi que de plusieurs sp\u00e9cialistes et acteurs s\u2019activant dans le domaine du handicap pour enrichir le d\u00e9bat autour des divers enjeux se rapportant \u00e0 cette cat\u00e9gorie.<\/p>\n<p>Dans une d\u00e9claration \u00e0 la MAP, le directeur de la radio, Abdelfattah Haddani a expliqu\u00e9 que l\u2019id\u00e9e de cette initiative est n\u00e9e lors de la p\u00e9riode du confinement sanitaire d\u00fb \u00e0 la propagation de la pand\u00e9mie de la Covid-19, ajoutant qu\u2019elle trouve son essence dans la ferme conviction de l\u2019\u00e9quipe porteuse de ce projet quant au r\u00f4le indispensable des m\u00e9dias dans le renforcement de la prise de conscience et de la d\u00e9fense des droits de cette cat\u00e9gorie sociale.<\/p>\n<p>\u00ab\u00a0Handi+\u00a0\u00bb a contribu\u00e9, \u00e0 travers une s\u00e9rie de programmes, au d\u00e9bat autour de nombreuses questions li\u00e9es aux personnes \u00e0 besoins sp\u00e9cifiques et \u00e0 leurs familles durant la crise induite par la propagation du nouveau coronavirus, a relev\u00e9 M. Haddani, \u00e9galement pr\u00e9sident de la Fondation \u00ab\u00a0Handimaghreb\u00a0\u00bb.<\/p>\n<p>Et de poursuivre que cette radio se veut une plateforme m\u00e9diatique pour faire entendre la voix de cette cat\u00e9gorie en invitant un parterre de sp\u00e9cialistes, d\u2019observateurs et d\u2019experts dans le domaine du handicap au Maroc et dans le monde arabe pour partager les r\u00e9alisations accomplies et mettre en avant les bonnes pratiques en la mati\u00e8re.<\/p>\n<p>\u00ab\u00a0Au sein de Handi+, nous sommes fortement attach\u00e9s aux principes d\u2019implication et de participation des personnes \u00e0 besoins sp\u00e9cifiques au sein de la soci\u00e9t\u00e9\u00a0\u00bb, a-t-il encha\u00een\u00e9, soulignant l\u2019engagement de toute l\u2019\u00e9quipe \u00e0 \u00e9riger la radio en une tribune incontournable pour faire entendre la voix des diff\u00e9rentes cat\u00e9gories de personnes souffrant de handicap.<\/p>\n<\/div>\n<p>Auteur: Meriem IGASS<br \/>\n<a href=\"http:\/\/www.mapmarrakech.ma\/fr\/handi-premiere-radio-dediee-aux-personnes-a-besoins-specifiques\/\">Cliquez ici pour lire l&rsquo;article depuis sa source.<\/a><\/p>\n","protected":false},"excerpt":{"rendered":"<p>Marrakech \u2013 Le paysage m\u00e9diatique national et r\u00e9gional s\u2019est enrichi avec le lancement, r\u00e9cemment \u00e0 Marrakech, de \u00ab\u00a0Handi +\u00a0\u00bb, premi\u00e8re radio num\u00e9rique d\u00e9di\u00e9e aux questions inh\u00e9rentes aux personnes \u00e0 besoins sp\u00e9cifiques au Maroc. Cette radio, unique en son genre, puise sa cr\u00e9ation dans l\u2019importance des questions li\u00e9es \u00e0 cette frange de la soci\u00e9t\u00e9 et dans [&hellip;]<\/p>\n","protected":false},"author":1788,"featured_media":0,"comment_status":"closed","ping_status":"closed","sticky":false,"template":"","format":"standard","meta":{"fifu_image_url":"","fifu_image_alt":"","footnotes":""},"categories":[54,76],"tags":[],"class_list":["post-94847","post","type-post","status-publish","format-standard","hentry","category-maroc","category-regions"],"_links":{"self":[{"href":"https:\/\/linitiative.ca\/International\/wp-json\/wp\/v2\/posts\/94847","targetHints":{"allow":["GET"]}}],"collection":[{"href":"https:\/\/linitiative.ca\/International\/wp-json\/wp\/v2\/posts"}],"about":[{"href":"https:\/\/linitiative.ca\/International\/wp-json\/wp\/v2\/types\/post"}],"author":[{"embeddable":true,"href":"https:\/\/linitiative.ca\/International\/wp-json\/wp\/v2\/users\/1788"}],"replies":[{"embeddable":true,"href":"https:\/\/linitiative.ca\/International\/wp-json\/wp\/v2\/comments?post=94847"}],"version-history":[{"count":0,"href":"https:\/\/linitiative.ca\/International\/wp-json\/wp\/v2\/posts\/94847\/revisions"}],"wp:attachment":[{"href":"https:\/\/linitiative.ca\/International\/wp-json\/wp\/v2\/media?parent=94847"}],"wp:term":[{"taxonomy":"category","embeddable":true,"href":"https:\/\/linitiative.ca\/International\/wp-json\/wp\/v2\/categories?post=94847"},{"taxonomy":"post_tag","embeddable":true,"href":"https:\/\/linitiative.ca\/International\/wp-json\/wp\/v2\/tags?post=94847"}],"curies":[{"name":"wp","href":"https:\/\/api.w.org\/{rel}","templated":true}]}}