{"id":94864,"date":"2020-08-07T12:40:00","date_gmt":"2020-08-07T16:40:00","guid":{"rendered":"https:\/\/linitiative.ca\/International\/pour-seaman-arsenal-doit-faire-une-offre-irresistible-a-aubameyang\/"},"modified":"2020-08-07T12:40:00","modified_gmt":"2020-08-07T16:40:00","slug":"pour-seaman-arsenal-doit-faire-une-offre-irresistible-a-aubameyang","status":"publish","type":"post","link":"https:\/\/linitiative.ca\/International\/pour-seaman-arsenal-doit-faire-une-offre-irresistible-a-aubameyang\/","title":{"rendered":"Pour Seaman, Arsenal doit faire une offre irr\u00e9sistible \u00e0 Aubameyang"},"content":{"rendered":"<p class=\"p1 c4\"><span class=\"c3\"><span class=\"c2\">Arsenal doit faire \u00e0 Pierre-Emerick Aubameyang une\u00a0\u00aboffre qu\u2019il ne peut pas refuser\u00bb,\u00a0comme ils l\u2019ont fait autrefois avec Mesut Ozil, d\u00e9clare David Seaman. En janvier 2018, les Gunners ont pris des mesures pour s\u2019assurer qu\u2019un actif pr\u00e9cieux n\u2019\u00e9tait pas autoris\u00e9 \u00e0 glisser entre leurs doigts. Des conditions avantageuses ont \u00e9t\u00e9 accord\u00e9es au vainqueur de la Coupe du monde Ozil alors que ce dernier approchait de la fin de son contrat pr\u00e9c\u00e9dent. Aubameyang se trouve d\u00e9sormais dans une situation similaire<\/span><\/span><\/p>\n<p class=\"p1 c4\"><span class=\"c3\"><span class=\"c2\">En plus de lier Aubameyang \u00e0 de nouveaux termes, Seaman veut qu\u2019Arsenal donne \u00e0 Mikel Arteta le soutien dont il a besoin durant ce mercato pour amener les vainqueurs de la FA Cup 2020 au niveau sup\u00e9rieur. Celui qui a notamment remport\u00e9 trois titres de champion lors de son passage avec les Gunners a ajout\u00e9 :\u00a0\u00abSi le conseil se rend compte \u00e0 quel point nous avons un bon manager, alors nous devons vraiment le soutenir. Il aura \u00e9videmment des id\u00e9es de joueurs qu\u2019il veut faire venir et de qui il veut sortir, mais le conseil doit le soutenir. Parce que s\u2019ils ne le font pas, Arsenal ne fera que ce qu\u2019ils font\u00bb, a estim\u00e9 l\u2019ancien joueur.<\/span><\/span><\/p>\n<p>Auteur: letemps1<br \/>\n<a href=\"http:\/\/www.letemps.com.tn\/article\/116207\/pour-seaman-arsenal-doit-faire-une-offre-irr%C3%A9sistible-%C3%A0-aubameyang\">Cliquez ici pour lire l&rsquo;article depuis sa source.<\/a><\/p>\n","protected":false},"excerpt":{"rendered":"<p>Arsenal doit faire \u00e0 Pierre-Emerick Aubameyang une\u00a0\u00aboffre qu\u2019il ne peut pas refuser\u00bb,\u00a0comme ils l\u2019ont fait autrefois avec Mesut Ozil, d\u00e9clare David Seaman. En janvier 2018, les Gunners ont pris des mesures pour s\u2019assurer qu\u2019un actif pr\u00e9cieux n\u2019\u00e9tait pas autoris\u00e9 \u00e0 glisser entre leurs doigts. Des conditions avantageuses ont \u00e9t\u00e9 accord\u00e9es au vainqueur de la Coupe [&hellip;]<\/p>\n","protected":false},"author":1773,"featured_media":0,"comment_status":"closed","ping_status":"closed","sticky":false,"template":"","format":"standard","meta":{"fifu_image_url":"","fifu_image_alt":"","footnotes":""},"categories":[73,55],"tags":[],"class_list":["post-94864","post","type-post","status-publish","format-standard","hentry","category-actualite","category-tunisie"],"_links":{"self":[{"href":"https:\/\/linitiative.ca\/International\/wp-json\/wp\/v2\/posts\/94864","targetHints":{"allow":["GET"]}}],"collection":[{"href":"https:\/\/linitiative.ca\/International\/wp-json\/wp\/v2\/posts"}],"about":[{"href":"https:\/\/linitiative.ca\/International\/wp-json\/wp\/v2\/types\/post"}],"author":[{"embeddable":true,"href":"https:\/\/linitiative.ca\/International\/wp-json\/wp\/v2\/users\/1773"}],"replies":[{"embeddable":true,"href":"https:\/\/linitiative.ca\/International\/wp-json\/wp\/v2\/comments?post=94864"}],"version-history":[{"count":0,"href":"https:\/\/linitiative.ca\/International\/wp-json\/wp\/v2\/posts\/94864\/revisions"}],"wp:attachment":[{"href":"https:\/\/linitiative.ca\/International\/wp-json\/wp\/v2\/media?parent=94864"}],"wp:term":[{"taxonomy":"category","embeddable":true,"href":"https:\/\/linitiative.ca\/International\/wp-json\/wp\/v2\/categories?post=94864"},{"taxonomy":"post_tag","embeddable":true,"href":"https:\/\/linitiative.ca\/International\/wp-json\/wp\/v2\/tags?post=94864"}],"curies":[{"name":"wp","href":"https:\/\/api.w.org\/{rel}","templated":true}]}}