{"id":94865,"date":"2020-08-07T12:40:00","date_gmt":"2020-08-07T16:40:00","guid":{"rendered":"https:\/\/linitiative.ca\/International\/alexis-sanchez-signe-a-linter-milan\/"},"modified":"2020-08-07T12:40:00","modified_gmt":"2020-08-07T16:40:00","slug":"alexis-sanchez-signe-a-linter-milan","status":"publish","type":"post","link":"https:\/\/linitiative.ca\/International\/alexis-sanchez-signe-a-linter-milan\/","title":{"rendered":"Alexis Sanchez signe \u00e0 l\u2019Inter Milan"},"content":{"rendered":"<p class=\"p1 c4\"><span class=\"c3\"><span class=\"c2\">Pr\u00eat\u00e9 au club italien cette saison, l\u2019attaquant chilien reste \u00e0 l\u2019Inter Milan. Le dauphin de la Juventus a officialis\u00e9 la nouvelle hier.<\/span><\/span><\/p>\n<p class=\"p1 c4\"><span class=\"c3\"><span class=\"c2\">C\u2019\u00e9tait dans l\u2019air du temps depuis plusieurs jours, c\u2019est d\u00e9sormais officiel : Alexis Sanchez \u00e9voluera bel et bien \u00e0 l\u2019Inter Milan\u00a0la saison prochaine. Pr\u00eat\u00e9 par Manchester United\u00a0au club italien cette saison, l\u203aattaquant chilien a retrouv\u00e9 des couleurs en\u00a0Serie A, le premier championnat europ\u00e9en dans lequel il a \u00e9volu\u00e9 avec l\u2019Udinese, et a convaincu les dirigeants du vice-champion d\u2019Italie\u00a0de n\u00e9gocier sa venue \u00e0 titre d\u00e9finitif avec les Red Devils.<\/span><\/span><\/p>\n<p class=\"p1 c4\"><span class=\"c3\"><span class=\"c2\">L\u2019Inter Milan a officialis\u00e9 le recrutement d\u2019Alexis Sanchez, au lendemain de sa qualification pour les quarts de finale de la\u00a0Ligue Europa, dans un communiqu\u00e9 simple et sobre publi\u00e9 sur leur site officiel :\u00a0\u00abLe FC Internazionale Milano annonce qu\u2019Alexis Sanchez d\u00e9m\u00e9nage gratuitement au Nerazzurri. L\u2019attaquant chilien a sign\u00e9 un contrat avec le club jusqu\u2019au 30 juin 2023\u00bb.\u00a0L\u2019Inter Milan ne d\u00e9boursera donc pas le moindre centime pour Alexis Sanchez \u00e0 en croire ce communiqu\u00e9.<\/span><\/span><\/p>\n<p class=\"p1 c4\"><span class=\"c3\"><span class=\"c2\">Sur le long terme en revanche, ce transfert aura un co\u00fbt pour l\u2019Inter Milan \u00e9tant donn\u00e9 que l\u2019attaquant pass\u00e9 par le\u00a0FC Barcelone\u00a0touchera un salaire de 7 millions d\u203aeuros par saison selon la presse italienne.\u00a0D\u00e9sireux de se s\u00e9parer d\u203aAlexis Sanchez \u00e0 tout prix, Manchester United a donc fait l\u203aimpasse sur une indemnit\u00e9 de transfert afin d\u203a\u00e9conomiser le salaire de l\u203ainternational chilien et de se s\u00e9parer d\u203aun de ses plus grands flops.<\/span><\/span><\/p>\n<p class=\"p1 c4\"><span class=\"c3\"><span class=\"c2\">Mercredi soir, les deux parties avaient d\u00e9j\u00e0 plus ou moins confirm\u00e9 la nouvelle. En effet, le directeur sportif de l\u2019Inter Milan, Giuseppe Marotta a indiqu\u00e9 que le transfert devait \u00eatre officiel ce jeudi, avant de se rendre enAllemagne\u00a0pour disputer le final 8 de la Ligue Europa, tandis que de son c\u00f4t\u00e9, Ole Gunnar Solskjaer, a confirm\u00e9 le d\u00e9part d\u2019Alexis Sanchez, lors de la conf\u00e9rence de presse d\u2019apr\u00e8s match face au LASK Linz.<\/span><\/span><\/p>\n<p class=\"p1 c4\"><span class=\"c3\"><span class=\"c2\">Apr\u00e8s les arriv\u00e9es de Hachraf Akimi (Real Madrid, 40 M\u20ac) et Nicolo Barella (transfert d\u00e9finitif apr\u00e8s un pr\u00eat cette saison, 25M\u20ac),\u00a0l\u2019Inter se renforce donc offensivement. Alexis Sanchez sera donc selon toute vraisemblance un joker de luxe pour le vice-champion d\u2019Italie la saison prochaine, \u00e0 moins que le club italien ne perde Lautaro Martinez cet \u00e9t\u00e9, et le Chilien pourrait ainsi \u00eatre une solution viable pour \u00e9voluer avec Romelu Lukaku dans le syst\u00e8me d\u2019Antonio Conte.<\/span><\/span><\/p>\n<p>Auteur: letemps1<br \/>\n<a href=\"http:\/\/www.letemps.com.tn\/article\/116208\/alexis-sanchez-signe-%C3%A0-l%E2%80%99inter-milan\">Cliquez ici pour lire l&rsquo;article depuis sa source.<\/a><\/p>\n","protected":false},"excerpt":{"rendered":"<p>Pr\u00eat\u00e9 au club italien cette saison, l\u2019attaquant chilien reste \u00e0 l\u2019Inter Milan. Le dauphin de la Juventus a officialis\u00e9 la nouvelle hier. C\u2019\u00e9tait dans l\u2019air du temps depuis plusieurs jours, c\u2019est d\u00e9sormais officiel : Alexis Sanchez \u00e9voluera bel et bien \u00e0 l\u2019Inter Milan\u00a0la saison prochaine. Pr\u00eat\u00e9 par Manchester United\u00a0au club italien cette saison, l\u203aattaquant chilien [&hellip;]<\/p>\n","protected":false},"author":1773,"featured_media":0,"comment_status":"closed","ping_status":"closed","sticky":false,"template":"","format":"standard","meta":{"fifu_image_url":"","fifu_image_alt":"","footnotes":""},"categories":[73,55],"tags":[],"class_list":["post-94865","post","type-post","status-publish","format-standard","hentry","category-actualite","category-tunisie"],"_links":{"self":[{"href":"https:\/\/linitiative.ca\/International\/wp-json\/wp\/v2\/posts\/94865","targetHints":{"allow":["GET"]}}],"collection":[{"href":"https:\/\/linitiative.ca\/International\/wp-json\/wp\/v2\/posts"}],"about":[{"href":"https:\/\/linitiative.ca\/International\/wp-json\/wp\/v2\/types\/post"}],"author":[{"embeddable":true,"href":"https:\/\/linitiative.ca\/International\/wp-json\/wp\/v2\/users\/1773"}],"replies":[{"embeddable":true,"href":"https:\/\/linitiative.ca\/International\/wp-json\/wp\/v2\/comments?post=94865"}],"version-history":[{"count":0,"href":"https:\/\/linitiative.ca\/International\/wp-json\/wp\/v2\/posts\/94865\/revisions"}],"wp:attachment":[{"href":"https:\/\/linitiative.ca\/International\/wp-json\/wp\/v2\/media?parent=94865"}],"wp:term":[{"taxonomy":"category","embeddable":true,"href":"https:\/\/linitiative.ca\/International\/wp-json\/wp\/v2\/categories?post=94865"},{"taxonomy":"post_tag","embeddable":true,"href":"https:\/\/linitiative.ca\/International\/wp-json\/wp\/v2\/tags?post=94865"}],"curies":[{"name":"wp","href":"https:\/\/api.w.org\/{rel}","templated":true}]}}