{"id":94866,"date":"2020-08-07T12:40:00","date_gmt":"2020-08-07T16:40:00","guid":{"rendered":"https:\/\/linitiative.ca\/International\/scolari-cristiano-ronaldo-fera-un-grand-dirigeant\/"},"modified":"2020-08-07T12:40:00","modified_gmt":"2020-08-07T16:40:00","slug":"scolari-cristiano-ronaldo-fera-un-grand-dirigeant","status":"publish","type":"post","link":"https:\/\/linitiative.ca\/International\/scolari-cristiano-ronaldo-fera-un-grand-dirigeant\/","title":{"rendered":"Scolari : \u00abCristiano Ronaldo fera un grand dirigeant\u00bb"},"content":{"rendered":"<p class=\"p1 c4\"><span class=\"c3\"><span class=\"c2\">L\u2019ancien s\u00e9lectionneur du Portugal voit l\u2019attaquant de la Juventus se reconvertir en tant que dirigeant de club plut\u00f4t qu\u2019en tant qu\u2019entra\u00eeneur.<\/span><\/span><\/p>\n<p class=\"p1 c4\"><span class=\"c3\"><span class=\"c2\">Du haut de ses 35 ans, Cristiano Ronaldo n\u2019est pas encore \u00e0 la retraite. Performant et second meilleur buteur de\u00a0Serie A\u00a0cette saison, l\u203ainternational portugais a montr\u00e9 qu\u203ail en avait encore sous la p\u00e9dale et ne compte certainement pas s\u203aarr\u00eater avant la\u00a0Coupe du monde\u00a02022. Mais le temps fil et t\u00f4t ou tard, l\u203aattaquant de la\u00a0Juventus\u00a0va devoir raccrocher les crampons. Reste \u00e0 savoir ce qu\u203ail compte faire de son apr\u00e8s carri\u00e8re, lui qui a d\u00e9j\u00e0 lanc\u00e9 pas mal de business alors qu\u203ail joue encore actuellement.<\/span><\/span><\/p>\n<p class=\"p1 c4\"><span class=\"c3\"><span class=\"c2\">Bien \u00e9videmment, avec une telle carri\u00e8re de joueur \u00e0 son actif, ce serait dommage que Cristiano Ronaldo se retire totalement du monde du football. Le voir entra\u00eener, \u00e0 l\u2019image de Zinedine Zidane et bien d\u2019autres anciens joueurs, est une possibilit\u00e9, mais Felipe Scolari, son ancien s\u00e9lectionneur avec le\u00a0Portugal\u00a0a une autre id\u00e9e en t\u00eate. Dans une interview accord\u00e9e \u00e0 L\u203aEquipe, le Br\u00e9silien a avou\u00e9 qu\u203ail voit bien son ancien prot\u00e9g\u00e9 devenir dirigeant d\u203aun club.<\/span><\/span><\/p>\n<p class=\"p2 c5\"><span class=\"c3\"><span class=\"c2\"><strong>Une relation p\u00e8re fils<span class=\"Apple-converted-space\">\u00a0<\/span><\/strong><\/span><\/span><\/p>\n<p class=\"p1 c4\"><span class=\"c3\"><span class=\"c2\">\u00abIl pourrait devenir un grand entra\u00eeneur, mais je le vois plus haut, dirigeant d\u2019un club prestigieux. J\u2019en avais\u00a0fait mon capitaine \u00e0 22 ans surtout parce que nous jouions pour la premi\u00e8re fois depuis le d\u00e9c\u00e8s de Carlos Silva, un dirigeant de la F\u00e9d\u00e9ration qui \u00e9tait proche de Ronaldo. C\u2019\u00e9tait le bon moment pour en faire un capitaine. Parce qu\u2019il a cet \u00e9tat d\u2019esprit de meneur, qu\u2019il est un leader positif pour les autres et se comporte\u00a0toujours bien en collectivit\u00e9.\u00a0On ne pouvait pas trouver meilleur successeur \u00e0 Luis Figo\u00bb, a expliqu\u00e9 l\u2019ancien s\u00e9lectionneur du Portugal.<\/span><\/span><\/p>\n<p class=\"p1 c4\"><span class=\"c3\"><span class=\"c2\">Luis Felipe Scolari est revenu sur l\u2019\u00e9pisode o\u00f9 il a d\u00fb annoncer \u00e0 Cristiano Ronaldo la mort de son p\u00e8re :\u00a0\u00abNous \u00e9tions en\u00a0Russie\u00a0quand on nous a transmis la nouvelle. Tout le monde \u00e9tait sous le choc, moi le premier. Mais il avait l\u203a\u00e2ge de mon fils, alors quand je suis all\u00e9 le lui annoncer, je lui ai parl\u00e9 comme un p\u00e8re \u00e0 son fils. On a discut\u00e9 pendant une quarantaine de minutes, il y a eu pas mal de larmes, de mon c\u00f4t\u00e9 aussi, parce que \u00e7a me touchait terriblement qu\u203ail affronte cela si jeune. On lui a donn\u00e9 la possibilit\u00e9 de rentrer directement au<span class=\"Apple-converted-space\">\u00a0<\/span>Portugal, il m\u2019a r\u00e9pondu : \u00abNon, je joue demain et apr\u00e8s je rentre aupr\u00e8s de ma famille\u00bb. C\u2019\u00e9tait accessoire mais il a r\u00e9alis\u00e9 un de ses meilleurs matches en s\u00e9lection ce jour-l\u00e0, \u00e7a montre aussi \u00e0 quel point il est un pro de la plus haute qualit\u00e9\u00bb.<\/span><\/span><\/p>\n<p class=\"p1 c4\"><span class=\"c3\"><span class=\"c2\">Le Br\u00e9silien avoue \u00eatre surpris par le plafond atteint par son ancien prot\u00e9g\u00e9 :\u00a0\u00abSa mue de dribbleur \u00e0 buteur ? On lui a donn\u00e9 les \u00e9l\u00e9ments tactiques pour qu\u2019il soit utile \u00e0 l\u2019\u00e9quipe, il a b\u00e9n\u00e9fici\u00e9 d\u2019un environnement favorable mais c\u2019est surtout un gar\u00e7on tr\u00e8s intelligent qui a travaill\u00e9 tr\u00e8s fort. Je ne pensais pas en faire le meilleur joueur du monde. J\u2019esp\u00e9rais d\u00e9j\u00e0 qu\u2019il devienne un joueur exceptionnel de la s\u00e9lection portugaise. Tout le reste est venu par son travail, son investissement quotidien, permanent. On lui a ouvert les portes de la s\u00e9lection. Apr\u00e8s, tout le m\u00e9rite est le sien\u00bb.<\/span><\/span><\/p>\n<p>Auteur: letemps1<br \/>\n<a href=\"http:\/\/www.letemps.com.tn\/article\/116209\/scolari-%C2%ABcristiano-ronaldo-fera-un-grand-dirigeant%C2%BB\">Cliquez ici pour lire l&rsquo;article depuis sa source.<\/a><\/p>\n","protected":false},"excerpt":{"rendered":"<p>L\u2019ancien s\u00e9lectionneur du Portugal voit l\u2019attaquant de la Juventus se reconvertir en tant que dirigeant de club plut\u00f4t qu\u2019en tant qu\u2019entra\u00eeneur. Du haut de ses 35 ans, Cristiano Ronaldo n\u2019est pas encore \u00e0 la retraite. Performant et second meilleur buteur de\u00a0Serie A\u00a0cette saison, l\u203ainternational portugais a montr\u00e9 qu\u203ail en avait encore sous la p\u00e9dale et [&hellip;]<\/p>\n","protected":false},"author":1773,"featured_media":0,"comment_status":"closed","ping_status":"closed","sticky":false,"template":"","format":"standard","meta":{"fifu_image_url":"","fifu_image_alt":"","footnotes":""},"categories":[73,55],"tags":[],"class_list":["post-94866","post","type-post","status-publish","format-standard","hentry","category-actualite","category-tunisie"],"_links":{"self":[{"href":"https:\/\/linitiative.ca\/International\/wp-json\/wp\/v2\/posts\/94866","targetHints":{"allow":["GET"]}}],"collection":[{"href":"https:\/\/linitiative.ca\/International\/wp-json\/wp\/v2\/posts"}],"about":[{"href":"https:\/\/linitiative.ca\/International\/wp-json\/wp\/v2\/types\/post"}],"author":[{"embeddable":true,"href":"https:\/\/linitiative.ca\/International\/wp-json\/wp\/v2\/users\/1773"}],"replies":[{"embeddable":true,"href":"https:\/\/linitiative.ca\/International\/wp-json\/wp\/v2\/comments?post=94866"}],"version-history":[{"count":0,"href":"https:\/\/linitiative.ca\/International\/wp-json\/wp\/v2\/posts\/94866\/revisions"}],"wp:attachment":[{"href":"https:\/\/linitiative.ca\/International\/wp-json\/wp\/v2\/media?parent=94866"}],"wp:term":[{"taxonomy":"category","embeddable":true,"href":"https:\/\/linitiative.ca\/International\/wp-json\/wp\/v2\/categories?post=94866"},{"taxonomy":"post_tag","embeddable":true,"href":"https:\/\/linitiative.ca\/International\/wp-json\/wp\/v2\/tags?post=94866"}],"curies":[{"name":"wp","href":"https:\/\/api.w.org\/{rel}","templated":true}]}}