{"id":94870,"date":"2020-08-07T15:13:48","date_gmt":"2020-08-07T19:13:48","guid":{"rendered":"https:\/\/linitiative.ca\/International\/pros-tahrat-je-dois-aider-mon-equipe-pour-atteindre-son-objectif\/"},"modified":"2020-08-07T15:13:48","modified_gmt":"2020-08-07T19:13:48","slug":"pros-tahrat-je-dois-aider-mon-equipe-pour-atteindre-son-objectif","status":"publish","type":"post","link":"https:\/\/linitiative.ca\/International\/pros-tahrat-je-dois-aider-mon-equipe-pour-atteindre-son-objectif\/","title":{"rendered":"Pros : Tahrat : \u00ab Je dois aider mon \u00e9quipe pour atteindre son objectif \u00bb"},"content":{"rendered":"<div readability=\"32\">\n<p>Auteur : <span class=\"time\">vendredi 07 ao\u00fbt 2020 17:11<\/span><\/p>\n<\/div>\n<div id=\"post_core\" readability=\"40\">\n<p>Le d\u00e9fenseur central champion d\u2019Afrique avec l\u2019Alg\u00e9rie en \u00e9t\u00e9 2019, Mehdi Tahrat a marqu\u00e9 son premier but avec Abha lors du match de reprise de championnat contre l\u2019Ittihad de Djeddah. \u00a0L\u2019ancien lensois a donc particip\u00e9 \u00e0 la victoire de son \u00e9quipe sur le score de deux buts \u00e0 z\u00e9ro qui vient rapprocher son club du maintien. En fin de match Mehdi a d\u00e9clar\u00e9 :\u00ab\u00a0C\u2019\u00e9tait un match tr\u00e8s difficile, au d\u00e9but nous avons \u00e9prouv\u00e9 des difficult\u00e9s \u00e0 maitriser le match mais le coach nous a bien orient\u00e9s. On a su \u00e9lever le niveau de notre jeu pour remporter une victoire tr\u00e8s importante. Notre objectif est le maintien, et on fera tout pour y arriver\u00a0\u00bbA\u00a0<\/p>\n<p><strong>Moumen A.<\/strong><\/p>\n<p><strong>Publi\u00e9 dans :<\/strong> <span>Mahdi Tahrat<\/span><\/p>\n<\/div>\n<p>Auteur:<br \/>\n<a href=\"http:\/\/www.lebuteur.com\/article\/detail?titre=tahrat-je-dois-aider-mon-equipe-pour-atteindre-son-objectif&#038;id=96830&#038;utm_source=feedburner&#038;utm_medium=feed&#038;utm_campaign=Feed%3A+GalerieFArtciles+%28Les+derniers+articles++-+lebuteur.com%29\">Cliquez ici pour lire l&rsquo;article depuis sa source.<\/a><\/p>\n","protected":false},"excerpt":{"rendered":"<p>Auteur : vendredi 07 ao\u00fbt 2020 17:11 Le d\u00e9fenseur central champion d\u2019Afrique avec l\u2019Alg\u00e9rie en \u00e9t\u00e9 2019, Mehdi Tahrat a marqu\u00e9 son premier but avec Abha lors du match de reprise de championnat contre l\u2019Ittihad de Djeddah. \u00a0L\u2019ancien lensois a donc particip\u00e9 \u00e0 la victoire de son \u00e9quipe sur le score de deux buts \u00e0 [&hellip;]<\/p>\n","protected":false},"author":1738,"featured_media":94871,"comment_status":"closed","ping_status":"closed","sticky":false,"template":"","format":"standard","meta":{"fifu_image_url":"","fifu_image_alt":"","footnotes":""},"categories":[53,75],"tags":[],"class_list":["post-94870","post","type-post","status-publish","format-standard","has-post-thumbnail","hentry","category-algerie","category-sport"],"_links":{"self":[{"href":"https:\/\/linitiative.ca\/International\/wp-json\/wp\/v2\/posts\/94870","targetHints":{"allow":["GET"]}}],"collection":[{"href":"https:\/\/linitiative.ca\/International\/wp-json\/wp\/v2\/posts"}],"about":[{"href":"https:\/\/linitiative.ca\/International\/wp-json\/wp\/v2\/types\/post"}],"author":[{"embeddable":true,"href":"https:\/\/linitiative.ca\/International\/wp-json\/wp\/v2\/users\/1738"}],"replies":[{"embeddable":true,"href":"https:\/\/linitiative.ca\/International\/wp-json\/wp\/v2\/comments?post=94870"}],"version-history":[{"count":0,"href":"https:\/\/linitiative.ca\/International\/wp-json\/wp\/v2\/posts\/94870\/revisions"}],"wp:featuredmedia":[{"embeddable":true,"href":"https:\/\/linitiative.ca\/International\/wp-json\/"}],"wp:attachment":[{"href":"https:\/\/linitiative.ca\/International\/wp-json\/wp\/v2\/media?parent=94870"}],"wp:term":[{"taxonomy":"category","embeddable":true,"href":"https:\/\/linitiative.ca\/International\/wp-json\/wp\/v2\/categories?post=94870"},{"taxonomy":"post_tag","embeddable":true,"href":"https:\/\/linitiative.ca\/International\/wp-json\/wp\/v2\/tags?post=94870"}],"curies":[{"name":"wp","href":"https:\/\/api.w.org\/{rel}","templated":true}]}}