{"id":94872,"date":"2020-08-07T15:13:50","date_gmt":"2020-08-07T19:13:50","guid":{"rendered":"https:\/\/linitiative.ca\/International\/pros-liverpool-a-de-la-concurrence-pour-mandi\/"},"modified":"2020-08-07T15:13:50","modified_gmt":"2020-08-07T19:13:50","slug":"pros-liverpool-a-de-la-concurrence-pour-mandi","status":"publish","type":"post","link":"https:\/\/linitiative.ca\/International\/pros-liverpool-a-de-la-concurrence-pour-mandi\/","title":{"rendered":"Pros : Liverpool a de la concurrence pour Mandi !"},"content":{"rendered":"<div readability=\"32\">\n<p>Auteur : <span class=\"time\">vendredi 07 ao\u00fbt 2020 17:14<\/span><\/p>\n<\/div>\n<div id=\"post_core\" readability=\"44\">\n<p>Annonc\u00e9 pratiquement acquis pour les Reds il y a quelques jours, le d\u00e9fenseur central de l\u2019Equipe nationale\u00a0 Aissa Mandi n\u2019a encore rien sign\u00e9 pour l\u2019instant. M\u00eame si plusieurs sites anglais l\u2019ont li\u00e9 \u00e0 Liverpool l\u2019on apprend que le club champion de la Premier League Anglaise, devrait \u00a0faire face \u00e0 \u00a0rude concurrence avant de pourvoir\u00a0 s\u2019attacher les services\u00a0 du joueur du Real Betis S\u00e9ville, \u00a0cens\u00e9 remplac\u00e9\u00a0 Dejan Lovren, qui vient de rejoindre le club Russe du Z\u00e9nith St Petersburg. C\u2019est le club turc du Fenerbahc\u00e9 qui serait en pole position pour racheter le contrat de l\u2019ancien joueur du Stade de Reims, indiquent plusieurs sites sp\u00e9cialis\u00e9s turcs ce vendredi. Aissa qui a d\u00e9j\u00e0 une id\u00e9e sur l\u2019exp\u00e9rience ou plut\u00f4t les d\u00e9boires de ses deux camarades en s\u00e9lection Islam Slimani, et Yassine Benzia au sein de ce club, devrait r\u00e9fl\u00e9chir \u00e0 deux fois avant de s\u2019engager avec cette formation turque.<\/p>\n<p><strong>Moumen A.<\/strong><\/p>\n<p><strong>Publi\u00e9 dans :<\/strong> <span>Aissa Mandi<\/span><\/p>\n<\/div>\n<p>Auteur:<br \/>\n<a href=\"http:\/\/www.lebuteur.com\/article\/detail?titre=liverpool-a-de-la-concurrence-pour-mandi&#038;id=96831&#038;utm_source=feedburner&#038;utm_medium=feed&#038;utm_campaign=Feed%3A+GalerieFArtciles+%28Les+derniers+articles++-+lebuteur.com%29\">Cliquez ici pour lire l&rsquo;article depuis sa source.<\/a><\/p>\n","protected":false},"excerpt":{"rendered":"<p>Auteur : vendredi 07 ao\u00fbt 2020 17:14 Annonc\u00e9 pratiquement acquis pour les Reds il y a quelques jours, le d\u00e9fenseur central de l\u2019Equipe nationale\u00a0 Aissa Mandi n\u2019a encore rien sign\u00e9 pour l\u2019instant. M\u00eame si plusieurs sites anglais l\u2019ont li\u00e9 \u00e0 Liverpool l\u2019on apprend que le club champion de la Premier League Anglaise, devrait \u00a0faire face [&hellip;]<\/p>\n","protected":false},"author":1738,"featured_media":94873,"comment_status":"closed","ping_status":"closed","sticky":false,"template":"","format":"standard","meta":{"fifu_image_url":"","fifu_image_alt":"","footnotes":""},"categories":[53,75],"tags":[],"class_list":["post-94872","post","type-post","status-publish","format-standard","has-post-thumbnail","hentry","category-algerie","category-sport"],"_links":{"self":[{"href":"https:\/\/linitiative.ca\/International\/wp-json\/wp\/v2\/posts\/94872","targetHints":{"allow":["GET"]}}],"collection":[{"href":"https:\/\/linitiative.ca\/International\/wp-json\/wp\/v2\/posts"}],"about":[{"href":"https:\/\/linitiative.ca\/International\/wp-json\/wp\/v2\/types\/post"}],"author":[{"embeddable":true,"href":"https:\/\/linitiative.ca\/International\/wp-json\/wp\/v2\/users\/1738"}],"replies":[{"embeddable":true,"href":"https:\/\/linitiative.ca\/International\/wp-json\/wp\/v2\/comments?post=94872"}],"version-history":[{"count":0,"href":"https:\/\/linitiative.ca\/International\/wp-json\/wp\/v2\/posts\/94872\/revisions"}],"wp:featuredmedia":[{"embeddable":true,"href":"https:\/\/linitiative.ca\/International\/wp-json\/"}],"wp:attachment":[{"href":"https:\/\/linitiative.ca\/International\/wp-json\/wp\/v2\/media?parent=94872"}],"wp:term":[{"taxonomy":"category","embeddable":true,"href":"https:\/\/linitiative.ca\/International\/wp-json\/wp\/v2\/categories?post=94872"},{"taxonomy":"post_tag","embeddable":true,"href":"https:\/\/linitiative.ca\/International\/wp-json\/wp\/v2\/tags?post=94872"}],"curies":[{"name":"wp","href":"https:\/\/api.w.org\/{rel}","templated":true}]}}