{"id":94874,"date":"2020-08-07T15:13:51","date_gmt":"2020-08-07T19:13:51","guid":{"rendered":"https:\/\/linitiative.ca\/International\/international-philippe-coutinho-a-visite-le-centre-dentrainement-darsenal\/"},"modified":"2020-08-07T15:13:51","modified_gmt":"2020-08-07T19:13:51","slug":"international-philippe-coutinho-a-visite-le-centre-dentrainement-darsenal","status":"publish","type":"post","link":"https:\/\/linitiative.ca\/International\/international-philippe-coutinho-a-visite-le-centre-dentrainement-darsenal\/","title":{"rendered":"International : Philippe Coutinho a visit\u00e9 le centre d&rsquo;entra\u00eenement d&rsquo;Arsenal"},"content":{"rendered":"<div readability=\"32\">\n<p>Auteur : <span class=\"time\">vendredi 07 ao\u00fbt 2020 18:30<\/span><\/p>\n<\/div>\n<div id=\"post_core\" readability=\"40\">\n<p>Selon Footmercato, le milieu offensif br\u00e9silien &#8211; sous contrat au Bar\u00e7a jusqu&rsquo;en 2023 &#8211; a \u00e9t\u00e9 aper\u00e7u ce vendredi en compagnie de ses agents \u00e0 Londres Colney dans le Hertfordshire, o\u00f9 se trouvent le si\u00e8ge et le terrain d&rsquo;entra\u00eenement de l&rsquo;Arsenal Football Club, afin de discuter d&rsquo;un \u00e9ventuel transfert.<\/p>\n<p><strong>Publi\u00e9 dans :<\/strong> <span>Arsenal<\/span> <span>Philippe Coutinho<\/span><\/p>\n<\/div>\n<p>Auteur:<br \/>\n<a href=\"http:\/\/www.lebuteur.com\/article\/detail?titre=philippe-coutinho-a-visite-le-centre-dentrainement-darsenal&#038;id=96832&#038;utm_source=feedburner&#038;utm_medium=feed&#038;utm_campaign=Feed%3A+GalerieFArtciles+%28Les+derniers+articles++-+lebuteur.com%29\">Cliquez ici pour lire l&rsquo;article depuis sa source.<\/a><\/p>\n","protected":false},"excerpt":{"rendered":"<p>Auteur : vendredi 07 ao\u00fbt 2020 18:30 Selon Footmercato, le milieu offensif br\u00e9silien &#8211; sous contrat au Bar\u00e7a jusqu&rsquo;en 2023 &#8211; a \u00e9t\u00e9 aper\u00e7u ce vendredi en compagnie de ses agents \u00e0 Londres Colney dans le Hertfordshire, o\u00f9 se trouvent le si\u00e8ge et le terrain d&rsquo;entra\u00eenement de l&rsquo;Arsenal Football Club, afin de discuter d&rsquo;un \u00e9ventuel [&hellip;]<\/p>\n","protected":false},"author":1738,"featured_media":94875,"comment_status":"closed","ping_status":"closed","sticky":false,"template":"","format":"standard","meta":{"fifu_image_url":"","fifu_image_alt":"","footnotes":""},"categories":[53,75],"tags":[],"class_list":["post-94874","post","type-post","status-publish","format-standard","has-post-thumbnail","hentry","category-algerie","category-sport"],"_links":{"self":[{"href":"https:\/\/linitiative.ca\/International\/wp-json\/wp\/v2\/posts\/94874","targetHints":{"allow":["GET"]}}],"collection":[{"href":"https:\/\/linitiative.ca\/International\/wp-json\/wp\/v2\/posts"}],"about":[{"href":"https:\/\/linitiative.ca\/International\/wp-json\/wp\/v2\/types\/post"}],"author":[{"embeddable":true,"href":"https:\/\/linitiative.ca\/International\/wp-json\/wp\/v2\/users\/1738"}],"replies":[{"embeddable":true,"href":"https:\/\/linitiative.ca\/International\/wp-json\/wp\/v2\/comments?post=94874"}],"version-history":[{"count":0,"href":"https:\/\/linitiative.ca\/International\/wp-json\/wp\/v2\/posts\/94874\/revisions"}],"wp:featuredmedia":[{"embeddable":true,"href":"https:\/\/linitiative.ca\/International\/wp-json\/"}],"wp:attachment":[{"href":"https:\/\/linitiative.ca\/International\/wp-json\/wp\/v2\/media?parent=94874"}],"wp:term":[{"taxonomy":"category","embeddable":true,"href":"https:\/\/linitiative.ca\/International\/wp-json\/wp\/v2\/categories?post=94874"},{"taxonomy":"post_tag","embeddable":true,"href":"https:\/\/linitiative.ca\/International\/wp-json\/wp\/v2\/tags?post=94874"}],"curies":[{"name":"wp","href":"https:\/\/api.w.org\/{rel}","templated":true}]}}