{"id":94902,"date":"2020-08-07T14:30:05","date_gmt":"2020-08-07T18:30:05","guid":{"rendered":"https:\/\/linitiative.ca\/International\/recolte-agricole-les-agriculteurs-francais-inquiets-de-labsence-des-saisonniers-marocains\/"},"modified":"2020-08-07T14:30:05","modified_gmt":"2020-08-07T18:30:05","slug":"recolte-agricole-les-agriculteurs-francais-inquiets-de-labsence-des-saisonniers-marocains","status":"publish","type":"post","link":"https:\/\/linitiative.ca\/International\/recolte-agricole-les-agriculteurs-francais-inquiets-de-labsence-des-saisonniers-marocains\/","title":{"rendered":"R\u00e9colte agricole\u00a0: les agriculteurs fran\u00e7ais inquiets de l\u2019absence des saisonniers marocains"},"content":{"rendered":"<p><strong>G\u00e9n\u00e9ralement appel\u00e9s \u00e0 participer \u00e0 la r\u00e9colte des fruits et l\u00e9gumes dans les exploitations agricoles fran\u00e7aises par ces p\u00e9riodes-ci, des milliers de saisonniers \u00e9trangers, dont des Marocains, manquent \u00e0 l\u2019appel en France. En cause la fermeture des fronti\u00e8res due au coronavirus qui emp\u00eache ces derniers de se rendre en France. Grosse inqui\u00e9tude.<\/strong><\/p>\n<div class=\"c10\"\/>\n<p>Ils seront au moins 1.200 saisonniers \u00e0 ne pas pouvoir se rendre en Tarn-et-Garonne cette saison pour la r\u00e9colte de pommes. Et la perspective est triste pour les agriculteurs fran\u00e7ais qui ont pris le pli, depuis des ann\u00e9es, d\u2019avoir recours \u00e0 cette main d\u2019\u0153uvre \u00e9trang\u00e8re bon march\u00e9. Notamment celle qui vient de chez le voisin du Sud qu\u2019est le Maroc. \u00ab On a 1.200 travailleurs saisonniers confin\u00e9s et bloqu\u00e9s au Maroc. Le pays a interdit les d\u00e9placements de et vers huit de ses villes, dont Casablanca d\u2019o\u00f9 viennent ces saisonniers habitu\u00e9s \u00e0 venir chez nous. Ils sont en r\u00e8gle, mais c\u2019est le Maroc qui ne les laisse pas sortir. Ici, la pr\u00e9fecture a donn\u00e9 son feu vert \u00bb, explique Yvon Sarraute, responsable des arboriculteurs au sein de la chambre d\u2019agriculture de Tarn-et-Garonne, rapporte un m\u00e9dia fran\u00e7ais. La situation serait d\u2019ores et d\u00e9j\u00e0 tendue, avec des craintes \u00e9normes sur les r\u00e9coltes. \u00ab Sans eux, on ne peut pas sortir de r\u00e9colte. Au plus fort de la cueillette, les deux tiers des travailleurs sont des \u00e9trangers \u00bb, indique un producteur que cite le m\u00e9dia fran\u00e7ais. Le risque de ne pas pouvoir proc\u00e9der aux r\u00e9coltes comme d\u2019habitude est d\u00e9sormais consid\u00e9r\u00e9e, avec toute l\u2019incidence que cela aura sur l\u2019ensemble de la cha\u00eene de valeur. Et avec en bout de cha\u00eene, une augmentation m\u00e9canique des prix.<\/p>\n<p><strong>Lire aussi | <a href=\"https:\/\/www.challenge.ma\/dette-souveraine-le-maroc-veut-lever-2-milliards-sur-les-marches-152415\/\" target=\"_blank\" rel=\"noreferrer noopener\" aria-label=\"Dette souveraine&#xA0;: le Maroc veut lever 2 milliards $ sur les march&#xE9;s (opens in a new tab)\">Dette souveraine\u00a0: le Maroc veut lever 2 milliards $ sur les march\u00e9s<\/a><\/strong><\/p>\n<p>D\u00e9j\u00e0, depuis mai, certains agriculteurs avaient tir\u00e9 l\u2019alarme sur les risques qui p\u00e8sent sur leurs r\u00e9coltes si les fronti\u00e8res restaient ferm\u00e9es, emp\u00eachant les saisonniers de venir en France. Et m\u00eame si les saisonniers communautaires (polonais, roumains, bulgares, espagnols, portugais) peuvent encore se d\u00e9placer, il n\u2019est pas s\u00fbr que cette arm\u00e9e de bras suffise \u00e0 combler l\u2019absence de saisonniers provenant d\u2019autres r\u00e9gions, notamment les marocains. <em>\u00ab Il me manque une vingtaine d\u2019ouvriers qui devaient arriver du Maroc d\u00e9but avril \u00bb,<\/em> s\u2019alarme l\u2019agriculteur, rapport\u00e9 par un autre m\u00e9dia en ligne fran\u00e7ais. Pour le moment, les agriculteurs fran\u00e7ais \u00ab\u00a0se d\u00e9brouillent\u00a0\u00bb, en attendant une hypoth\u00e9tique r\u00e9ouverture des fronti\u00e8res marocaines.<\/p>\n<p><strong>Lire aussi | <a rel=\"noreferrer noopener\" href=\"https:\/\/www.challenge.ma\/la-region-fes-meknes-decroche-un-pret-de-320-mdh-aupres-de-la-sfi-152406\/\" target=\"_blank\">La R\u00e9gion F\u00e8s-Mekn\u00e8s d\u00e9croche un pr\u00eat de 320 MDH aupr\u00e8s de la SFI<\/a><\/strong><\/p>\n<p>Dans le m\u00e9tier, certains plaident pour un assouplissement des r\u00e8gles de circulation des saisonniers afin de sauver les r\u00e9coltes. <em>\u00ab Il faut que des gens puissent venir travailler sur nos exploitations, ou alors ce sera catastrophique \u00bb,<\/em> demande-t-on.<\/p>\n<div class=\"vw-sticky-sidebar-wrapper vw-sticky-sidebar widget_text awac-wrapper widget_text awac widget custom_html-4 textwidget custom-html-widget\">\n<p class=\"has-background c12\"><span class=\"widget-title c11\">Tribune et D\u00e9bats<\/span><\/p>\n<p>La tribune qui vous parle d\u2019une actu, d\u2019un sujet qui fait d\u00e9bat, les traitent et les analysent. \u00c9conomistes et autres experts, patrons d\u2019entreprises, d\u00e9cideurs, acteurs de la soci\u00e9t\u00e9 civile, s\u2019y prononcent et contribuent \u00e0 sa grande richesse. Vous avez votre opinion, convergente ou diff\u00e9rente. Exprimez-la et mesurez-vous ainsi \u00e0 nos tribuns et d\u00e9batteurs.<\/p>\n<p>Envoyez vos analyses \u00e0 : <a href=\"\/cdn-cgi\/l\/email-protection#afccc0c1dbceccdbefccc7cec3c3cac1c8ca81c2ce\"><span class=\"__cf_email__\" data-cfemail=\"c1a2aeafb5a0a2b581a2a9a0adada4afa6a4efaca0\">[email\u00a0protected]<\/span><\/a>, en pr\u00e9cisant votre nom, votre pr\u00e9nom et votre m\u00e9tier.<\/p>\n<\/div>\n<p>Auteur: challenge<br \/>\n<a href=\"https:\/\/www.challenge.ma\/recolte-agricole-les-agriculteurs-francais-inquiets-de-labsence-des-saisonniers-marocains-152436\/\">Cliquez ici pour lire l&rsquo;article depuis sa source.<\/a><\/p>\n","protected":false},"excerpt":{"rendered":"<p>G\u00e9n\u00e9ralement appel\u00e9s \u00e0 participer \u00e0 la r\u00e9colte des fruits et l\u00e9gumes dans les exploitations agricoles fran\u00e7aises par ces p\u00e9riodes-ci, des milliers de saisonniers \u00e9trangers, dont des Marocains, manquent \u00e0 l\u2019appel en France. En cause la fermeture des fronti\u00e8res due au coronavirus qui emp\u00eache ces derniers de se rendre en France. Grosse inqui\u00e9tude. Ils seront au [&hellip;]<\/p>\n","protected":false},"author":1787,"featured_media":0,"comment_status":"closed","ping_status":"closed","sticky":false,"template":"","format":"standard","meta":{"fifu_image_url":"","fifu_image_alt":"","footnotes":""},"categories":[78,54],"tags":[],"class_list":["post-94902","post","type-post","status-publish","format-standard","hentry","category-economie","category-maroc"],"_links":{"self":[{"href":"https:\/\/linitiative.ca\/International\/wp-json\/wp\/v2\/posts\/94902","targetHints":{"allow":["GET"]}}],"collection":[{"href":"https:\/\/linitiative.ca\/International\/wp-json\/wp\/v2\/posts"}],"about":[{"href":"https:\/\/linitiative.ca\/International\/wp-json\/wp\/v2\/types\/post"}],"author":[{"embeddable":true,"href":"https:\/\/linitiative.ca\/International\/wp-json\/wp\/v2\/users\/1787"}],"replies":[{"embeddable":true,"href":"https:\/\/linitiative.ca\/International\/wp-json\/wp\/v2\/comments?post=94902"}],"version-history":[{"count":0,"href":"https:\/\/linitiative.ca\/International\/wp-json\/wp\/v2\/posts\/94902\/revisions"}],"wp:attachment":[{"href":"https:\/\/linitiative.ca\/International\/wp-json\/wp\/v2\/media?parent=94902"}],"wp:term":[{"taxonomy":"category","embeddable":true,"href":"https:\/\/linitiative.ca\/International\/wp-json\/wp\/v2\/categories?post=94902"},{"taxonomy":"post_tag","embeddable":true,"href":"https:\/\/linitiative.ca\/International\/wp-json\/wp\/v2\/tags?post=94902"}],"curies":[{"name":"wp","href":"https:\/\/api.w.org\/{rel}","templated":true}]}}