{"id":94967,"date":"2020-08-08T12:40:00","date_gmt":"2020-08-08T16:40:00","guid":{"rendered":"https:\/\/linitiative.ca\/International\/de-nouveau-competitif-henid-de-la-partie-demain-contre-le-cab\/"},"modified":"2020-08-08T12:40:00","modified_gmt":"2020-08-08T16:40:00","slug":"de-nouveau-competitif-henid-de-la-partie-demain-contre-le-cab","status":"publish","type":"post","link":"https:\/\/linitiative.ca\/International\/de-nouveau-competitif-henid-de-la-partie-demain-contre-le-cab\/","title":{"rendered":"De nouveau\u00a0comp\u00e9titif, Henid, de la partie demain contre le CAB\u00a0"},"content":{"rendered":"<p class=\"p1 c3\"><span class=\"c2\">Donn\u00e9 \u00e0 un certain moment incertain\u00a0 contre le CA Bizertin \u00e0 cause d\u2019une blessure qui l\u2019a oblig\u00e9 \u00e0 d\u00e9clarer forfait contre l\u2019US Tataouine, le d\u00e9fenseur central Nessim Henid\u00a0 vient\u00a0 de recevoir le feu vert du m\u00e9decin de l\u203a\u00e9quipe pour renforcer les rangs de son \u00e9quipe demain contre l\u203aensemble cabiste. Il formera par cons\u00e9quent, avec Heni Amamou, la paire axiale de la d\u00e9fense sfaxienne.\u00a0\u00a0<\/span><\/p>\n<p class=\"p2 c4\"><span class=\"c2\"><strong>Wassim Dagdoug, reprend<\/strong><\/span><\/p>\n<p class=\"p1 c3\"><span class=\"c2\">En voie de r\u00e9tablissement d\u2019une blessure musculaire qui l\u2019a contraint \u00e0 un mois de repos environ,le lat\u00e9ral gauche wassim Dagdoug a repris avant hier les entra\u00eenements sur la base d\u2019un programme sp\u00e9cifique \u00e0 son \u00e9tat de sant\u00e9 comprenant notamment de l\u00e9gers\u00a0footings et des s\u00e9ances de r\u00e9\u00e9ducation ainsi que des exercices d\u2019assouplissement avec et sans ballon.<\/span><\/p>\n<p class=\"p2 c4\"><span class=\"c2\"><strong>Affaire Benchaa; Le CSS saisit la FTF et la FIFA<\/strong><\/span><\/p>\n<p class=\"p1 c3\"><span class=\"c2\">L\u2019USM Alger, le club de l\u2019attaquant\u00a0 Zakaria Benchaa et apr\u00e8s avoir accept\u00e9 de prolonger le contrat du pr\u00eat de son joueur au CSS jusqu\u2019au 30 septembre, entend toutefois le r\u00e9cup\u00e9rer \u00e0 partir du premier octobre prochain. Mais ce n\u2019est pas l\u2019avis du club \u2018Noir et Blanc\u2019\u00a0 qui veut. recruter d\u00e9finitivement Benchaa en faisant pour cela valoir une clause\u00a0 qui lui donne la possibilit\u00e9 d e racheter son contrat qui figure dans l\u2019accord du pr\u00eat conclu avec le club alg\u00e9rois. Et c\u2019est pour la saison de laquelle, il vient de saisir \u00e0 la fois la FTF et la FIFA. Affaire \u00e0 suivre.\u00a0<\/span><\/p>\n<p class=\"p3 c5\"><span class=\"c2\"><strong>Ameur KERKENNI<\/strong><\/span><\/p>\n<p>Auteur: letemps1<br \/>\n<a href=\"http:\/\/www.letemps.com.tn\/article\/116242\/de-nouveau%C2%A0comp%C3%A9titif-henid-de-la-partie-demain-contre-le-cab%C2%A0\">Cliquez ici pour lire l&rsquo;article depuis sa source.<\/a><\/p>\n","protected":false},"excerpt":{"rendered":"<p>Donn\u00e9 \u00e0 un certain moment incertain\u00a0 contre le CA Bizertin \u00e0 cause d\u2019une blessure qui l\u2019a oblig\u00e9 \u00e0 d\u00e9clarer forfait contre l\u2019US Tataouine, le d\u00e9fenseur central Nessim Henid\u00a0 vient\u00a0 de recevoir le feu vert du m\u00e9decin de l\u203a\u00e9quipe pour renforcer les rangs de son \u00e9quipe demain contre l\u203aensemble cabiste. Il formera par cons\u00e9quent, avec Heni [&hellip;]<\/p>\n","protected":false},"author":1773,"featured_media":0,"comment_status":"closed","ping_status":"closed","sticky":false,"template":"","format":"standard","meta":{"fifu_image_url":"","fifu_image_alt":"","footnotes":""},"categories":[73,55],"tags":[],"class_list":["post-94967","post","type-post","status-publish","format-standard","hentry","category-actualite","category-tunisie"],"_links":{"self":[{"href":"https:\/\/linitiative.ca\/International\/wp-json\/wp\/v2\/posts\/94967","targetHints":{"allow":["GET"]}}],"collection":[{"href":"https:\/\/linitiative.ca\/International\/wp-json\/wp\/v2\/posts"}],"about":[{"href":"https:\/\/linitiative.ca\/International\/wp-json\/wp\/v2\/types\/post"}],"author":[{"embeddable":true,"href":"https:\/\/linitiative.ca\/International\/wp-json\/wp\/v2\/users\/1773"}],"replies":[{"embeddable":true,"href":"https:\/\/linitiative.ca\/International\/wp-json\/wp\/v2\/comments?post=94967"}],"version-history":[{"count":0,"href":"https:\/\/linitiative.ca\/International\/wp-json\/wp\/v2\/posts\/94967\/revisions"}],"wp:attachment":[{"href":"https:\/\/linitiative.ca\/International\/wp-json\/wp\/v2\/media?parent=94967"}],"wp:term":[{"taxonomy":"category","embeddable":true,"href":"https:\/\/linitiative.ca\/International\/wp-json\/wp\/v2\/categories?post=94967"},{"taxonomy":"post_tag","embeddable":true,"href":"https:\/\/linitiative.ca\/International\/wp-json\/wp\/v2\/tags?post=94967"}],"curies":[{"name":"wp","href":"https:\/\/api.w.org\/{rel}","templated":true}]}}